{"id":7020,"date":"2025-06-06T20:01:39","date_gmt":"2025-06-06T18:01:39","guid":{"rendered":"https:\/\/xn--respekt-fr-griechenland-kpc.de\/?p=7020"},"modified":"2025-06-06T20:08:51","modified_gmt":"2025-06-06T18:08:51","slug":"rfg-themenabend-unsere-arbeit-mit-gefluechteten-in-athen","status":"publish","type":"post","link":"https:\/\/xn--respekt-fr-griechenland-kpc.de\/?p=7020","title":{"rendered":"RfG-Themenabend: Unsere Arbeit mit Gefl\u00fcchteten in Athen"},"content":{"rendered":"\n<p><em><strong>Einladung zum Themenabend in Verbindung mit dem Juli-Treffen 2025 <\/strong><\/em><br \/><em><strong>von Respekt f\u00fcr Griechenland e. V. (RfG)<\/strong><\/em><br \/><br \/><strong>Zeit:<\/strong> Dienstag, den 1. Juli 2025, 18:00 Uhr<br \/><strong>Ort:<\/strong> Im Garten von Hilde Schramm, Ringstra\u00dfe 83, 12203 Berlin (Lichterfelde West)<br \/>(Bei schlechtem Wetter findet das Treffen im Hause statt.)<\/p>\n<p><strong>Unsere Arbeit mit Gefl\u00fcchteten in Athen<\/strong><br \/><strong>Erwartungen und Erfahrungen der Volunteers und Praktikant:innen\u00a0<\/strong><\/p>\n<p>Erfahrungsaustausch mit ehemaligen und zuk\u00fcnftigen Volunteers<br \/><br \/>Im Mittelpunkt steht Ihr mit Berichten \u00fcber Eure Erwartungen an Euren Aufenthalt in Athen und den Erfahrungen, die Ihr dort gesammelt habt: <br \/>Was waren Eure Erwartungen, was habt ihr mitgenommen f\u00fcr eure private und berufliche Zukunft?<br \/>Was k\u00f6nnte Respekt f\u00fcr Griechenland besser machen?<br \/><br \/>Bringt Euch aktiv ein! Wir hoffen auf einen lebhaften Austausch zwischen Ehemaligen der verschiedenen Jahrg\u00e4nge im Gruppenaustausch oder in Gespr\u00e4chen\/Interviews.<\/p>\n<p>Come Together<br \/>Das Treffen soll in einer ungezwungenen Atmosph\u00e4re stattfinden. F\u00fcr Getr\u00e4nke ist gesorgt und nach den Berichten gibt es auch Kleinigkeiten zu essen.<br \/><br \/><strong>Moderation:<\/strong> Anne Brulez<br \/><br \/><br \/><\/p>\n","protected":false},"excerpt":{"rendered":"","protected":false},"author":1,"featured_media":0,"comment_status":"closed","ping_status":"closed","sticky":false,"template":"","format":"standard","meta":{"footnotes":""},"categories":[45,47,26],"tags":[],"class_list":["post-7020","post","type-post","status-publish","format-standard","hentry","category-fluechtlinge","category-fluechtlingsarbeit-in-athen","category-termineveranstaltungen"],"_links":{"self":[{"href":"https:\/\/xn--respekt-fr-griechenland-kpc.de\/index.php?rest_route=\/wp\/v2\/posts\/7020","targetHints":{"allow":["GET"]}}],"collection":[{"href":"https:\/\/xn--respekt-fr-griechenland-kpc.de\/index.php?rest_route=\/wp\/v2\/posts"}],"about":[{"href":"https:\/\/xn--respekt-fr-griechenland-kpc.de\/index.php?rest_route=\/wp\/v2\/types\/post"}],"author":[{"embeddable":true,"href":"https:\/\/xn--respekt-fr-griechenland-kpc.de\/index.php?rest_route=\/wp\/v2\/users\/1"}],"replies":[{"embeddable":true,"href":"https:\/\/xn--respekt-fr-griechenland-kpc.de\/index.php?rest_route=%2Fwp%2Fv2%2Fcomments&post=7020"}],"version-history":[{"count":3,"href":"https:\/\/xn--respekt-fr-griechenland-kpc.de\/index.php?rest_route=\/wp\/v2\/posts\/7020\/revisions"}],"predecessor-version":[{"id":7024,"href":"https:\/\/xn--respekt-fr-griechenland-kpc.de\/index.php?rest_route=\/wp\/v2\/posts\/7020\/revisions\/7024"}],"wp:attachment":[{"href":"https:\/\/xn--respekt-fr-griechenland-kpc.de\/index.php?rest_route=%2Fwp%2Fv2%2Fmedia&parent=7020"}],"wp:term":[{"taxonomy":"category","embeddable":true,"href":"https:\/\/xn--respekt-fr-griechenland-kpc.de\/index.php?rest_route=%2Fwp%2Fv2%2Fcategories&post=7020"},{"taxonomy":"post_tag","embeddable":true,"href":"https:\/\/xn--respekt-fr-griechenland-kpc.de\/index.php?rest_route=%2Fwp%2Fv2%2Ftags&post=7020"}],"curies":[{"name":"wp","href":"https:\/\/api.w.org\/{rel}","templated":true}]}}