{"id":6657,"date":"2024-02-11T16:39:24","date_gmt":"2024-02-11T14:39:24","guid":{"rendered":"https:\/\/xn--respekt-fr-griechenland-kpc.de\/?p=6657"},"modified":"2024-02-11T16:45:02","modified_gmt":"2024-02-11T14:45:02","slug":"wir-haben-unsere-freunde-wiedergesehen","status":"publish","type":"post","link":"https:\/\/xn--respekt-fr-griechenland-kpc.de\/?p=6657","title":{"rendered":"&#8222;Wir haben unsere Freunde wiedergesehen&#8220;"},"content":{"rendered":"\n<p><strong>Gelungener R\u00fcckaustausch &#8211; Jugendliche aus der Opfergemeinde Kommeno besuchen Daaden in Rheinland-Pfalz<\/strong><\/p>\n<p><em>Bericht von Amar Ba\u0161i\u0107<\/em><br \/><br \/>Vom 15. &#8211; 22. Juli 2023 reisten zehn griechische Jugendliche (16-18) mit zwei Begleiterinnen zum allerersten Mal ins Ausland und besuchten Daaden. Es war der geplante R\u00fcckaustausch nach dem eindrucksvollen Besuch der deutschen Jugendlichen in Kommeno im April 2023 (siehe RfG Newsletter April 2023). Au\u00dferdem sehe ich in diesem R\u00fcckaustausch eine weitere Best\u00e4tigung der Akzeptanz und des Vertrauens der Ortsans\u00e4ssigen in Kommeno in das RfG Projekt.<!--more--><\/p>\n<p>\u201eWir haben unsere Freunde wiedergesehen\u201c &#8211; Das war die erste Antwort als ich die griechischen Jugendlichen \u00fcber ihren Deutschlandbesuch ausfragte. Lars Limbach, betreuender Lehrer, Leiter des Schulprojekts Friedensglocke und stellvertretender Schulleiter der Hermann-Gmeiner-Realschule Plus in Daaden erarbeitete ein hervorragendes Programm aus f\u00fcr unsere Jugendlichen aus Kommeno. Voller Begeisterung berichteten sie mir zum Beispiel \u00fcber das Ausma\u00df der St\u00e4dte K\u00f6ln und Frankfurt, der Wolkenkratzer und des K\u00f6lner Doms. Einen bleibenden Eindruck hinterlie\u00df der Besuch der Gedenkst\u00e4tte und fr\u00fcheren T\u00f6tungsanstalt Hadamar, eines j\u00fcdischen Friedhofs, und Biografiearbeiten in Verbindung mit Stolpersteinen. Diesbez\u00fcglich erkannten und verinnerlichten sie die geschichtliche Verbindung ihres Heimatortes mit den Opfern des NS Regimes in Deutschland. W\u00e4hrend ihrer Besuche von malerischen Orten und Gemeinden in der Umgebung ist den griechischen Jugendlichen aufgefallen, wie f\u00fcrsorglich mit der Lebensumgebung und der Natur umgegangen wird. In allabendlichen Reflexions- und Evaluationsrunden wurden die Erlebnisse verarbeitet und kulturelle Gemeinsamkeiten sowie Unterschiede, zum Zweck des besseren Verst\u00e4ndnisses, ausgearbeitet.<\/p>\n<p>An dieser Stelle m\u00f6chte ich mich schonmal f\u00fcr die finanzielle Unterst\u00fctzung und unkomplizierte sowie immer positive organisatorische Zusammenarbeit bei Frau Bettina M\u00fcnch-Rosenthal (ADD Rheinland Pfalz), Dr. Doris Lax (ADD Rheinland Pfalz), Gabriela Scheiner (Cultural Triangle of Prespa), Lars Limbach, Simon Imh\u00e4user, Nils Stunk (alle drei von der Hermann-Gmeiner-Realschule Plus) ganz herzlich bedanken. Au\u00dferdem bedanke ich mich bei Lamprini Tsourmana (Ortsbewohnerin von Kommeno) und Aleksandra Andrianou (Landschaftsarchitektin aus Arta) f\u00fcr die f\u00fcrsorgliche und tolle Betreuung der griechischen Jugendlichen in Deutschland. Danke auch an Kostas Antoniou (Gemeindeverwaltung Kommeno) f\u00fcr die Organisation vor Ort, Dimitris Dimou (Ortsvorsteher Kommeno) und den griechischen Eltern f\u00fcr die Einwilligung des Austausches und das Vertrauen.<\/p>\n<p>Das sch\u00f6nste Ergebnis dieses Austausches f\u00fcr mich ist, dass Freundschaften entstehen konnten. Die Jugendlichen sind weiterhin in Kontakt und versuchen M\u00f6glichkeiten zu finden sich wieder zu treffen. Ausblickend anzudeuten ist auch, dass der Kulturverein in Kommeno eine Einladung an den B\u00fcrgermeister von Daaden versenden wird.<br \/>Im Anschluss m\u00f6chte ich erw\u00e4hnen, dass unsere Jugendlichen w\u00e4hrend ihres Aufenthaltes die M\u00f6glichkeit hatten, den Landtagspr\u00e4sidenten Hendrik Hering kennenzulernen und mehrmals den Stadtb\u00fcrgermeister von Daaden Walter Strunk zu treffen.<\/p>\n<p><a href=\"https:\/\/xn--respekt-fr-griechenland-kpc.de\/wp-content\/uploads\/2024\/02\/Besuch_Kommeno_BerichtSZonline_Juli2023.pdf\">Siehe auch den folgenden Artikel in der Siegener Zeitung (Auszug RfG-Newsletter Juli 2023)<\/a><br \/>Quelle: SZ online vom 25.07.2023<\/p>\n<p>\u00a0<\/p>\n","protected":false},"excerpt":{"rendered":"","protected":false},"author":1,"featured_media":0,"comment_status":"closed","ping_status":"closed","sticky":false,"template":"","format":"standard","meta":{"footnotes":""},"categories":[67,42,66],"tags":[],"class_list":["post-6657","post","type-post","status-publish","format-standard","hentry","category-kommeno","category-deutschekriegsschuld","category-unterstuetzte-orte-in-gr"],"_links":{"self":[{"href":"https:\/\/xn--respekt-fr-griechenland-kpc.de\/index.php?rest_route=\/wp\/v2\/posts\/6657","targetHints":{"allow":["GET"]}}],"collection":[{"href":"https:\/\/xn--respekt-fr-griechenland-kpc.de\/index.php?rest_route=\/wp\/v2\/posts"}],"about":[{"href":"https:\/\/xn--respekt-fr-griechenland-kpc.de\/index.php?rest_route=\/wp\/v2\/types\/post"}],"author":[{"embeddable":true,"href":"https:\/\/xn--respekt-fr-griechenland-kpc.de\/index.php?rest_route=\/wp\/v2\/users\/1"}],"replies":[{"embeddable":true,"href":"https:\/\/xn--respekt-fr-griechenland-kpc.de\/index.php?rest_route=%2Fwp%2Fv2%2Fcomments&post=6657"}],"version-history":[{"count":3,"href":"https:\/\/xn--respekt-fr-griechenland-kpc.de\/index.php?rest_route=\/wp\/v2\/posts\/6657\/revisions"}],"predecessor-version":[{"id":6662,"href":"https:\/\/xn--respekt-fr-griechenland-kpc.de\/index.php?rest_route=\/wp\/v2\/posts\/6657\/revisions\/6662"}],"wp:attachment":[{"href":"https:\/\/xn--respekt-fr-griechenland-kpc.de\/index.php?rest_route=%2Fwp%2Fv2%2Fmedia&parent=6657"}],"wp:term":[{"taxonomy":"category","embeddable":true,"href":"https:\/\/xn--respekt-fr-griechenland-kpc.de\/index.php?rest_route=%2Fwp%2Fv2%2Fcategories&post=6657"},{"taxonomy":"post_tag","embeddable":true,"href":"https:\/\/xn--respekt-fr-griechenland-kpc.de\/index.php?rest_route=%2Fwp%2Fv2%2Ftags&post=6657"}],"curies":[{"name":"wp","href":"https:\/\/api.w.org\/{rel}","templated":true}]}}