{"id":6492,"date":"2023-06-06T13:10:51","date_gmt":"2023-06-06T11:10:51","guid":{"rendered":"https:\/\/xn--respekt-fr-griechenland-kpc.de\/?p=6492"},"modified":"2024-11-16T08:10:08","modified_gmt":"2024-11-16T06:10:08","slug":"deutsch-griechischer-jugendaustausch-im-september-2023","status":"publish","type":"post","link":"https:\/\/xn--respekt-fr-griechenland-kpc.de\/?p=6492","title":{"rendered":"Deutsch-Griechischer Jugendaustausch im September 2023"},"content":{"rendered":"\n<p><strong>Auf den Spuren der gemeinsamen deutsch-griechischen Geschichte<\/strong><br \/><em>5.-12. September 2023, Vitsa\/Epirus, Griechenland<\/em><\/p>\n<p>Geschichte aufsp\u00fcren, erleben, von der Geschichte lernen \u2013 erinnern f\u00fcr die Zukunft. Unrecht, Krieg und Leid nachempfinden und verstehen, Verantwortung \u00fcbernehmen, die Zukunft in einem demokratischen, friedlichen und solidarischen Europa auf stabilere Grundlagen stellen. Erinnern, weil auch der russische Angriffskrieg gegen die Ukraine die auf den Prinzipien des Rechts und des friedlichen Interessenausgleichs beruhende Nachkriegsordnung Europas zerst\u00f6ren will und uns vor die Herausforderung stellt, hierzu eine begr\u00fcndete und historisch informierte Haltung einzunehmen. Hierzu soll diese Begegnungsreise deutscher und griechischer junger Menschen nach Griechenland beitragen.<!--more--><\/p>\n<p>Unser Treffpunkt ist Thessaloniki. Von dort f\u00fchrt die Reise nach Epirus, die nordwestliche Gebirgs- und Grenzregion Griechenlands mit ihrer Hauptstadt Ioannina. Auch in dieser Region wurden w\u00e4hrend der deutschen Besatzung Griechenlands im 2. Weltkrieg (1941-1944) zahllose Verbrechen begangen. Das Land wurde ausgepl\u00fcndert, D\u00f6rfer niedergebrannt, die Zivilbev\u00f6lkerung massakriert, nahezu alle Menschen j\u00fcdischen Glaubens wurden aus Ioannina deportiert und in den Todeslagern ermordet. Der Besatzung folgte ein blutiger B\u00fcrgerkrieg, der weitere Wunden aufgerissen hat.<\/p>\n<p>Diese Vergangenheit liegt bis heute wie ein Schatten auf den deutsch-griechischen Beziehungen. Denn Deutschland hat nur wenig Entsch\u00e4digungen an die Opfer und keine Reparationen f\u00fcr die Zerst\u00f6rungen gezahlt. Kein deutscher Soldat wurde f\u00fcr die in Griechenland begangenen Kriegsverbrechen zur Rechenschaft gezogen. Heute, 80 Jahre danach, geht es bei der Begegnung junger Menschen darum, zu einer gemeinsamen Erinnerung zu kommen, die auf dem Wissen \u00fcber das Geschehene beruht und informierte politische Haltungen f\u00f6rdert. Hierzu geh\u00f6rt auch die Haltung gegen\u00fcber der Frage, ob die Zahlung von Reparationen die noch offenen Wunden schlie\u00dfen helfen kann.<\/p>\n<p>Unser Aufenthaltsort ist Vitsa, ein malerisches Bergdorf, 30 km entfernt von der Hauptstadt Ioannina. Wir werden in dieser herrlichen Bergregion wandern, Opferd\u00f6rfer besuchen, mit den Menschen vor Ort sprechen und vom Schicksal der \u00dcberlebenden erfahren. In Ioannina werden wir den Spuren j\u00fcdischen Lebens folgen und vom Schicksal der Romaniotischen Juden erfahren.<\/p>\n<p>\u2022 An diesem Jugendaustausch k\u00f6nnen Personen aus beiden L\u00e4ndern bis 30 Jahre teilnehmen, die Interesse an der Erkundung der deutsch-griechischen Geschichte haben, die neugierig sind auf die Begegnung mit Gleichaltrigen und ihren Beitrag zur Vertiefung der Beziehungen beider V\u00f6lker in einem vereinten Europa leisten wollen.<br \/>\u2022 Unterkunfts- und Verpflegungskosten werden \u00fcbernommen. F\u00fcr die Reisekosten nach und von Thessaloniki kann ein Zuschuss von bis zu 100 EUR gegeben werden.<br \/>\u2022 Kommunikationssprache ist Englisch; eine Sprachvermittlerin wird teilnehmen.<\/p>\n<p><strong>Verantwortlich:<\/strong> Andreas Poltermann und Olga Drossou, Respekt f\u00fcr Griechenland e.V.<br \/><strong>Kontakt:<\/strong> <a href=\"mailto:youthexchange.greece@gmail.com\">youthexchange.greece@gmail.com<\/a><\/p>\n<p><strong>Bei Interesse bitte das Anmeldeformular bis zum 01. Juli 2023 ausf\u00fcllen:<\/strong><br \/><a href=\"https:\/\/forms.gle\/W21XM7aU5jDHYdCKA\">https:\/\/forms.gle\/W21XM7aU5jDHYdCKA<\/a><\/p>\n<ul>\n<li><a href=\"https:\/\/xn--respekt-fr-griechenland-kpc.de\/wp-content\/uploads\/2023\/06\/Ausschreibung-dt-gr-Jugendaustausch2023.pdf\">Dieser Ausschreibungstext als PDF<\/a><\/li>\n<li><a href=\"https:\/\/xn--respekt-fr-griechenland-kpc.de\/?p=6474\">Bericht \u00fcber den deutsch-griechischen Jugendaustausch in 2022<\/a><\/li>\n<\/ul>\n","protected":false},"excerpt":{"rendered":"","protected":false},"author":1,"featured_media":0,"comment_status":"closed","ping_status":"closed","sticky":false,"template":"","format":"standard","meta":{"footnotes":""},"categories":[38,44],"tags":[],"class_list":["post-6492","post","type-post","status-publish","format-standard","hentry","category-deutsch-griechische-geschichte","category-solidaritaet"],"_links":{"self":[{"href":"https:\/\/xn--respekt-fr-griechenland-kpc.de\/index.php?rest_route=\/wp\/v2\/posts\/6492","targetHints":{"allow":["GET"]}}],"collection":[{"href":"https:\/\/xn--respekt-fr-griechenland-kpc.de\/index.php?rest_route=\/wp\/v2\/posts"}],"about":[{"href":"https:\/\/xn--respekt-fr-griechenland-kpc.de\/index.php?rest_route=\/wp\/v2\/types\/post"}],"author":[{"embeddable":true,"href":"https:\/\/xn--respekt-fr-griechenland-kpc.de\/index.php?rest_route=\/wp\/v2\/users\/1"}],"replies":[{"embeddable":true,"href":"https:\/\/xn--respekt-fr-griechenland-kpc.de\/index.php?rest_route=%2Fwp%2Fv2%2Fcomments&post=6492"}],"version-history":[{"count":4,"href":"https:\/\/xn--respekt-fr-griechenland-kpc.de\/index.php?rest_route=\/wp\/v2\/posts\/6492\/revisions"}],"predecessor-version":[{"id":6848,"href":"https:\/\/xn--respekt-fr-griechenland-kpc.de\/index.php?rest_route=\/wp\/v2\/posts\/6492\/revisions\/6848"}],"wp:attachment":[{"href":"https:\/\/xn--respekt-fr-griechenland-kpc.de\/index.php?rest_route=%2Fwp%2Fv2%2Fmedia&parent=6492"}],"wp:term":[{"taxonomy":"category","embeddable":true,"href":"https:\/\/xn--respekt-fr-griechenland-kpc.de\/index.php?rest_route=%2Fwp%2Fv2%2Fcategories&post=6492"},{"taxonomy":"post_tag","embeddable":true,"href":"https:\/\/xn--respekt-fr-griechenland-kpc.de\/index.php?rest_route=%2Fwp%2Fv2%2Ftags&post=6492"}],"curies":[{"name":"wp","href":"https:\/\/api.w.org\/{rel}","templated":true}]}}