{"id":5884,"date":"2022-04-30T18:06:00","date_gmt":"2022-04-30T16:06:00","guid":{"rendered":"https:\/\/xn--respekt-fr-griechenland-kpc.de\/?p=5884"},"modified":"2024-02-28T15:11:50","modified_gmt":"2024-02-28T13:11:50","slug":"vier-monate-fluechtlingsarbeit-in-athen-ein-blick-zurueck","status":"publish","type":"post","link":"https:\/\/xn--respekt-fr-griechenland-kpc.de\/?p=5884","title":{"rendered":"Vier Monate Fl\u00fcchtlingsarbeit in Athen \u2013 ein Blick zur\u00fcck"},"content":{"rendered":"\n<p><em>Ein \u00dcberblick von Herbert Nebel <br \/><\/em><\/p>\n<p>Stephanie aus \u00d6sterreich hat sich von November 2021 bis M\u00e4rz 2022 intensiv in<br \/>unserem Projekt in Athen engagiert. In ihrem Abschlussbericht schrieb sie, dass sie die dort gesammelten Erfahrungen nicht in Worte fassen kann um dann in einem sehr empfehlenswerten Bericht ihre Arbeit anschaulich zu schildern und ihre Erfahrungen zu reflektieren. Sie hat viel gelernt und viele Erfahrungen gesammelt, die ihre Erwartungen \u00fcbertroffen und sie sehr gepr\u00e4gt haben.<\/p>\n<p>Beeindruckend schildert Stephanie, wie herzlich sie von unserem Team<br \/>aufgenommen wurde und nicht nur am Anfang ein st\u00e4ndiger Wissensaustausch<br \/>stattfand. Sie beschreibt, wie durch das Eingehen auf die Bed\u00fcrfnisse der Kinder ihr Unterricht flexibel gestaltet wurde und die Lernenden viel Spa\u00df und Erfolg dabei hatten.<!--more--><br \/>Aber auch sehr ber\u00fchrende Momente gab es bei Begegnungen mit Menschen aus den Fl\u00fcchtlingslagern: Kinder verpassen wichtige Bildungsjahre, M\u00fctter k\u00e4mpfen um Kleidung f\u00fcr ihre Kinder, Gro\u00dfv\u00e4ter betteln um ein St\u00fcck Seife. Die Verzweiflung in deren Augen wird sie nie vergessen.<\/p>\n<p><a href=\"https:\/\/xn--respekt-fr-griechenland-kpc.de\/wp-content\/uploads\/2022\/04\/Volunteer_FinalReport_SM_Athens.pdf\">Hier der komplette, reich bebilderte Bericht von Stephanie.<\/a><\/p>\n<p><br \/>______<br \/><em>Unsere Fl\u00fcchtlingsarbeit in Athen in Kooperation mit der griechischen NGO <\/em><br \/><em>Network for Children\u00b4s Rights wird gef\u00f6rdert von:<\/em><br \/><img loading=\"lazy\" decoding=\"async\" class=\"alignnone size-full wp-image-6687\" src=\"https:\/\/xn--respekt-fr-griechenland-kpc.de\/wp-content\/uploads\/2024\/02\/heidehofstiftung120.jpg\" alt=\"\" width=\"120\" height=\"49\" \/><\/p>\n","protected":false},"excerpt":{"rendered":"","protected":false},"author":1,"featured_media":0,"comment_status":"closed","ping_status":"closed","sticky":false,"template":"","format":"standard","meta":{"footnotes":""},"categories":[45,47],"tags":[],"class_list":["post-5884","post","type-post","status-publish","format-standard","hentry","category-fluechtlinge","category-fluechtlingsarbeit-in-athen"],"_links":{"self":[{"href":"https:\/\/xn--respekt-fr-griechenland-kpc.de\/index.php?rest_route=\/wp\/v2\/posts\/5884","targetHints":{"allow":["GET"]}}],"collection":[{"href":"https:\/\/xn--respekt-fr-griechenland-kpc.de\/index.php?rest_route=\/wp\/v2\/posts"}],"about":[{"href":"https:\/\/xn--respekt-fr-griechenland-kpc.de\/index.php?rest_route=\/wp\/v2\/types\/post"}],"author":[{"embeddable":true,"href":"https:\/\/xn--respekt-fr-griechenland-kpc.de\/index.php?rest_route=\/wp\/v2\/users\/1"}],"replies":[{"embeddable":true,"href":"https:\/\/xn--respekt-fr-griechenland-kpc.de\/index.php?rest_route=%2Fwp%2Fv2%2Fcomments&post=5884"}],"version-history":[{"count":7,"href":"https:\/\/xn--respekt-fr-griechenland-kpc.de\/index.php?rest_route=\/wp\/v2\/posts\/5884\/revisions"}],"predecessor-version":[{"id":6700,"href":"https:\/\/xn--respekt-fr-griechenland-kpc.de\/index.php?rest_route=\/wp\/v2\/posts\/5884\/revisions\/6700"}],"wp:attachment":[{"href":"https:\/\/xn--respekt-fr-griechenland-kpc.de\/index.php?rest_route=%2Fwp%2Fv2%2Fmedia&parent=5884"}],"wp:term":[{"taxonomy":"category","embeddable":true,"href":"https:\/\/xn--respekt-fr-griechenland-kpc.de\/index.php?rest_route=%2Fwp%2Fv2%2Fcategories&post=5884"},{"taxonomy":"post_tag","embeddable":true,"href":"https:\/\/xn--respekt-fr-griechenland-kpc.de\/index.php?rest_route=%2Fwp%2Fv2%2Ftags&post=5884"}],"curies":[{"name":"wp","href":"https:\/\/api.w.org\/{rel}","templated":true}]}}