{"id":5850,"date":"2022-04-08T20:34:43","date_gmt":"2022-04-08T18:34:43","guid":{"rendered":"https:\/\/xn--respekt-fr-griechenland-kpc.de\/?p=5850"},"modified":"2022-04-08T20:53:09","modified_gmt":"2022-04-08T18:53:09","slug":"07-03-2022-berlin-film-und-gespraech-der-balkon-2","status":"publish","type":"post","link":"https:\/\/xn--respekt-fr-griechenland-kpc.de\/?p=5850","title":{"rendered":"10.05.2022 Frankfurt\/M., Film und Gespr\u00e4ch: Der Balkon"},"content":{"rendered":"\n<p>Im Rahmen der <a href=\"https:\/\/xn--respekt-fr-griechenland-kpc.de\/?p=2787\">Veranstaltungsreihe<\/a> zu \u201eDeutsche Kriegsschuld und Verpflichtungen gegen\u00fcber Griechenland\u201c<\/p>\n<p><em><strong>Termin:<\/strong> Dienstag, den 10. Mai 2022, 19.00 Uhr<\/em><br><em><strong>Ort:<\/strong> DGB-Haus, Wilhelm-Leuschner-Saal, Wilhelm-Leuschner-Str. 69-77, 60329 Frankfurt<\/em><br><em>(Es gilt die aktuelle 3G-Regelung)<br><\/em><em><strong>Filmvorf\u00fchrung und anschlie\u00dfendes Gespr\u00e4ch mit:<\/strong><\/em><br><em>\u2022Chrysanthos Konstantinidis, Regisseur<\/em><br><em>\u2022Hilde Schramm, Vorstandsmitglied des Vereins \u201eRespekt f\u00fcr Griechenland\u201c<\/em><br><em>\u2022Christoph Schminck-Gustavus, Rechtshistoriker und Protagonist im Film<\/em><br><em><strong>Moderation:<\/strong> Andreas Dickerboom, Gegen Vergessen \u2013 F\u00fcr Demokratie<\/em><br><br>Lyngiades, ein Dorf in Nord-Griechenland, wird wegen seiner wunderbaren Aussicht der \u201eBalkon\u201c genannt. Doch die Idylle war Schauplatz eines Massakers, das hierzulande noch kaum bekannt ist. Am 3. Oktober 1943 ermordeten die deutschen Besatzer zweiundachtzig Dorfbewohner, \u00fcberwiegend Kinder und alte Leute, und zerst\u00f6rten fast alle H\u00e4user.<\/p>\n<p>Der Regisseur des Films, Chrysanthos Konstantinidis, stammt aus Lyngiades.<br>Die Hintergr\u00fcnde des Verbrechens recherchierte vor drei Jahrzehnten der<br>Rechtshistoriker Christoph Schminck-Gustavus. Jetzt f\u00fchrt er durch den<br>Film. In diesem h\u00f6ren die Nachgeborenen, oft erstmalig, Erinnerungen<br>von \u00dcberlebenden. Es sind Dokumente der Trauer vor dem Hintergrund<br>eines kollektiven Traumas. Und es sind Einblicke in die unterlassene<br>Aufarbeitung in Deutschland und in die verweigerte Wiedergutmachung.<\/p>\n<p>Eine Veranstaltung von Gegen Vergessen \u2013 F\u00fcr Demokratie und DGB Region Frankfurt-Rhein-Main in Kooperation mit VVN-BdA Frankfurt, Studienkreis Deutscher Widerstand 1933-1945 und dem F\u00f6rderverein KZ-Katzbach\/ Adlerwerke<\/p>\n<p>&nbsp;<\/p>\n","protected":false},"excerpt":{"rendered":"","protected":false},"author":1,"featured_media":0,"comment_status":"closed","ping_status":"closed","sticky":false,"template":"","format":"standard","meta":{"footnotes":""},"categories":[42,56],"tags":[],"class_list":["post-5850","post","type-post","status-publish","format-standard","hentry","category-deutschekriegsschuld","category-kriegsschuldveranstaltung"],"_links":{"self":[{"href":"https:\/\/xn--respekt-fr-griechenland-kpc.de\/index.php?rest_route=\/wp\/v2\/posts\/5850","targetHints":{"allow":["GET"]}}],"collection":[{"href":"https:\/\/xn--respekt-fr-griechenland-kpc.de\/index.php?rest_route=\/wp\/v2\/posts"}],"about":[{"href":"https:\/\/xn--respekt-fr-griechenland-kpc.de\/index.php?rest_route=\/wp\/v2\/types\/post"}],"author":[{"embeddable":true,"href":"https:\/\/xn--respekt-fr-griechenland-kpc.de\/index.php?rest_route=\/wp\/v2\/users\/1"}],"replies":[{"embeddable":true,"href":"https:\/\/xn--respekt-fr-griechenland-kpc.de\/index.php?rest_route=%2Fwp%2Fv2%2Fcomments&post=5850"}],"version-history":[{"count":3,"href":"https:\/\/xn--respekt-fr-griechenland-kpc.de\/index.php?rest_route=\/wp\/v2\/posts\/5850\/revisions"}],"predecessor-version":[{"id":5855,"href":"https:\/\/xn--respekt-fr-griechenland-kpc.de\/index.php?rest_route=\/wp\/v2\/posts\/5850\/revisions\/5855"}],"wp:attachment":[{"href":"https:\/\/xn--respekt-fr-griechenland-kpc.de\/index.php?rest_route=%2Fwp%2Fv2%2Fmedia&parent=5850"}],"wp:term":[{"taxonomy":"category","embeddable":true,"href":"https:\/\/xn--respekt-fr-griechenland-kpc.de\/index.php?rest_route=%2Fwp%2Fv2%2Fcategories&post=5850"},{"taxonomy":"post_tag","embeddable":true,"href":"https:\/\/xn--respekt-fr-griechenland-kpc.de\/index.php?rest_route=%2Fwp%2Fv2%2Ftags&post=5850"}],"curies":[{"name":"wp","href":"https:\/\/api.w.org\/{rel}","templated":true}]}}