{"id":5848,"date":"2022-04-08T20:24:19","date_gmt":"2022-04-08T18:24:19","guid":{"rendered":"https:\/\/xn--respekt-fr-griechenland-kpc.de\/?p=5848"},"modified":"2022-05-02T20:17:22","modified_gmt":"2022-05-02T18:17:22","slug":"08-05-2022-darmstadt-film-und-gespraech-der-balkon","status":"publish","type":"post","link":"https:\/\/xn--respekt-fr-griechenland-kpc.de\/?p=5848","title":{"rendered":"08.05.2022 Darmstadt, Film und Gespr\u00e4ch: Der Balkon"},"content":{"rendered":"\n<p><strong>Im Rahmen der <a href=\"https:\/\/xn--respekt-fr-griechenland-kpc.de\/?p=2787\">Veranstaltungsreihe<\/a> zu \u201eDeutsche Kriegsschuld und Verpflichtungen gegen\u00fcber Griechenland\u201c<\/strong><\/p>\n<p align=\"left\"><em><strong>Termin:<\/strong> Sonntag, den 8. Mai 2022, um 17:00 bis ca. 19:00 Uhr<\/em><br \/><em><strong>Ort:<\/strong> Darmstadt, Programmkino Rex Wilhelminenstra\u00dfe 9, 64283 Darmstadt<br \/><\/em><em><strong>\u00d6ffentliche Vorf\u00fchrung und Gespr\u00e4ch<\/strong> mit Chrysanthos Konstantinidis, (Regisseur des Films), Christoph Schminck-Gustavus, (Rechtshistoriker, Hilde Schramm (Respekt f\u00fcr Griechenland e.V.)<\/em><br \/><em><strong>Moderation:<\/strong> Klaus M\u00fcller (Gegen Vergessen-F\u00fcr Demokratie e.V.)<\/em><\/p>\n<p align=\"left\"><a href=\"https:\/\/xn--respekt-fr-griechenland-kpc.de\/wp-content\/uploads\/2022\/05\/Pressemitteilung_Der_Balkon_REX.pdf\">Ank\u00fcndigungstext: Pressemitteilung<\/a><\/p>\n","protected":false},"excerpt":{"rendered":"","protected":false},"author":1,"featured_media":0,"comment_status":"closed","ping_status":"closed","sticky":false,"template":"","format":"standard","meta":{"footnotes":""},"categories":[42,56],"tags":[],"class_list":["post-5848","post","type-post","status-publish","format-standard","hentry","category-deutschekriegsschuld","category-kriegsschuldveranstaltung"],"_links":{"self":[{"href":"https:\/\/xn--respekt-fr-griechenland-kpc.de\/index.php?rest_route=\/wp\/v2\/posts\/5848","targetHints":{"allow":["GET"]}}],"collection":[{"href":"https:\/\/xn--respekt-fr-griechenland-kpc.de\/index.php?rest_route=\/wp\/v2\/posts"}],"about":[{"href":"https:\/\/xn--respekt-fr-griechenland-kpc.de\/index.php?rest_route=\/wp\/v2\/types\/post"}],"author":[{"embeddable":true,"href":"https:\/\/xn--respekt-fr-griechenland-kpc.de\/index.php?rest_route=\/wp\/v2\/users\/1"}],"replies":[{"embeddable":true,"href":"https:\/\/xn--respekt-fr-griechenland-kpc.de\/index.php?rest_route=%2Fwp%2Fv2%2Fcomments&post=5848"}],"version-history":[{"count":3,"href":"https:\/\/xn--respekt-fr-griechenland-kpc.de\/index.php?rest_route=\/wp\/v2\/posts\/5848\/revisions"}],"predecessor-version":[{"id":5896,"href":"https:\/\/xn--respekt-fr-griechenland-kpc.de\/index.php?rest_route=\/wp\/v2\/posts\/5848\/revisions\/5896"}],"wp:attachment":[{"href":"https:\/\/xn--respekt-fr-griechenland-kpc.de\/index.php?rest_route=%2Fwp%2Fv2%2Fmedia&parent=5848"}],"wp:term":[{"taxonomy":"category","embeddable":true,"href":"https:\/\/xn--respekt-fr-griechenland-kpc.de\/index.php?rest_route=%2Fwp%2Fv2%2Fcategories&post=5848"},{"taxonomy":"post_tag","embeddable":true,"href":"https:\/\/xn--respekt-fr-griechenland-kpc.de\/index.php?rest_route=%2Fwp%2Fv2%2Ftags&post=5848"}],"curies":[{"name":"wp","href":"https:\/\/api.w.org\/{rel}","templated":true}]}}