{"id":5837,"date":"2022-04-08T19:51:04","date_gmt":"2022-04-08T17:51:04","guid":{"rendered":"https:\/\/xn--respekt-fr-griechenland-kpc.de\/?p=5837"},"modified":"2022-04-08T20:04:37","modified_gmt":"2022-04-08T18:04:37","slug":"28-04-2022-berlin-film-und-gespraech-der-balkon","status":"publish","type":"post","link":"https:\/\/xn--respekt-fr-griechenland-kpc.de\/?p=5837","title":{"rendered":"28.04.2022 Berlin, Film und Gespr\u00e4ch: Der Balkon"},"content":{"rendered":"\n<p><strong>Im Rahmen der <a href=\"https:\/\/xn--respekt-fr-griechenland-kpc.de\/?p=2787\">Veranstaltungsreihe<\/a> zu \u201eDeutsche Kriegsschuld und Verpflichtungen gegen\u00fcber Griechenland\u201c<\/strong><\/p>\n<p><em><strong>Termin:<\/strong> Donnerstag, den 28.04,2022 um 19:30 bis ca. 21:00 Uhr<\/em><br \/><em><strong>Ort:<\/strong> IBZ Internationales Begegnungszentrum der Wissenschaft e.V.,<\/em><br \/><em>Wiesbadener Stra\u00dfe 18, 14197 Berlin <\/em><br \/><strong><em>\u00f6ffentliche Vorf\u00fchrung, anschlie\u00dfend Gespr\u00e4ch mit Hilde Schramm (Respekt f\u00fcr Griechenland e.V.)<br \/><br \/><\/em><\/strong><em>Der Balkon-Wehrmachtsverbrechen in Griechenland (OmdU), Griechenland 2018 \/ 2020, 43 Min., Dokumentarfilm von Chrysanthos Konstantinidis<\/em><\/p>\n<p>Die Dokumentation \u201eDer Balkon\u201c des jungen griechischen Regisseurs und Filmemachers Chrysanthos Konstantinidis thematisiert das Massaker, das die deutsche Wehrmacht w\u00e4hrend des zweiten Weltkriegs in seinem Heimatdorf Lyngiades beging. \u00a0Lyngiades liegt in Nord-Griechenland und wird wegen seiner wunderbaren Aussicht der \u201eBalkon\u201c genannt. Am 3. Oktober 1943 ermordeten die deutschen Besatzer dort 82 Dorfbewohner, \u00fcberwiegend Kinder, Frauen und alte Leute, und zerst\u00f6rten fast alle H\u00e4user.<\/p>\n<p>Durch den Film f\u00fchrt der Rechtshistoriker Christoph Schminck-Gustavus, der die Hintergr\u00fcnde des Verbrechens bereits vor drei Jahrzehnten akribisch recherchierte. Wir zeigen die gek\u00fcrzte, 43-min\u00fctige Fassung, die auch in der Bildungsarbeit an Schulen, z.B. in Baden-W\u00fcrttemberg, eingesetzt wird, im griechischen Original mit deutschen Untertiteln. Nach dem Film besteht die M\u00f6glichkeit zur Diskussion mit Hilde Schramm, der Vorsitzenden des Vereins \u201eRespekt f\u00fcr Griechenland e.V.\u201c, der es sich zur Aufgabe gemacht hat, das bislang weitgehend vernachl\u00e4ssigte Thema \u201eDeutsche Okkupation Griechenlands im Zweiten Weltkrieg\u201c aufzuarbeiten und nicht in Vergessenheit geraten zu lassen.<\/p>\n<p>Wir hoffen trotz des eher ernsten und vielleicht unangenehmen, gerade deswegen aber so wichtigen Themas auf viele interessierte Zuschauer*innen! (Florian Hessler, Housekeeping and Event Management IBZ)<\/p>\n","protected":false},"excerpt":{"rendered":"","protected":false},"author":1,"featured_media":0,"comment_status":"closed","ping_status":"closed","sticky":false,"template":"","format":"standard","meta":{"footnotes":""},"categories":[42,56],"tags":[],"class_list":["post-5837","post","type-post","status-publish","format-standard","hentry","category-deutschekriegsschuld","category-kriegsschuldveranstaltung"],"_links":{"self":[{"href":"https:\/\/xn--respekt-fr-griechenland-kpc.de\/index.php?rest_route=\/wp\/v2\/posts\/5837","targetHints":{"allow":["GET"]}}],"collection":[{"href":"https:\/\/xn--respekt-fr-griechenland-kpc.de\/index.php?rest_route=\/wp\/v2\/posts"}],"about":[{"href":"https:\/\/xn--respekt-fr-griechenland-kpc.de\/index.php?rest_route=\/wp\/v2\/types\/post"}],"author":[{"embeddable":true,"href":"https:\/\/xn--respekt-fr-griechenland-kpc.de\/index.php?rest_route=\/wp\/v2\/users\/1"}],"replies":[{"embeddable":true,"href":"https:\/\/xn--respekt-fr-griechenland-kpc.de\/index.php?rest_route=%2Fwp%2Fv2%2Fcomments&post=5837"}],"version-history":[{"count":4,"href":"https:\/\/xn--respekt-fr-griechenland-kpc.de\/index.php?rest_route=\/wp\/v2\/posts\/5837\/revisions"}],"predecessor-version":[{"id":5843,"href":"https:\/\/xn--respekt-fr-griechenland-kpc.de\/index.php?rest_route=\/wp\/v2\/posts\/5837\/revisions\/5843"}],"wp:attachment":[{"href":"https:\/\/xn--respekt-fr-griechenland-kpc.de\/index.php?rest_route=%2Fwp%2Fv2%2Fmedia&parent=5837"}],"wp:term":[{"taxonomy":"category","embeddable":true,"href":"https:\/\/xn--respekt-fr-griechenland-kpc.de\/index.php?rest_route=%2Fwp%2Fv2%2Fcategories&post=5837"},{"taxonomy":"post_tag","embeddable":true,"href":"https:\/\/xn--respekt-fr-griechenland-kpc.de\/index.php?rest_route=%2Fwp%2Fv2%2Ftags&post=5837"}],"curies":[{"name":"wp","href":"https:\/\/api.w.org\/{rel}","templated":true}]}}