{"id":5832,"date":"2022-04-08T19:37:37","date_gmt":"2022-04-08T17:37:37","guid":{"rendered":"https:\/\/xn--respekt-fr-griechenland-kpc.de\/?p=5832"},"modified":"2022-05-24T19:59:25","modified_gmt":"2022-05-24T17:59:25","slug":"02-05-2022-berlin-film-und-gespraech-der-balkon","status":"publish","type":"post","link":"https:\/\/xn--respekt-fr-griechenland-kpc.de\/?p=5832","title":{"rendered":"06.06.2022 Berlin, Film und Gespr\u00e4ch: Der Balkon"},"content":{"rendered":"\n<p class=\"western\"><strong>Im Rahmen der <\/strong><span style=\"color: #0000ff;\"><a href=\"http:\/\/respekt-fuer-griechenland.de\/?p=2787\"><b>Veranstaltungsreihe<\/b><\/a><\/span><strong> zu \u201eDeutsche Kriegsschuld und Verpflichtungen gegen\u00fcber Griechenland\u201c<\/strong><\/p>\n<p class=\"western\"><em><strong>Termin:<\/strong> Montag, den 06.06.2022 um 18.30 bis ca. 21.00 Uhr <\/em><br \/><em><strong>Ort:<\/strong> Hellenische Gemeinde zu Berlin e.V. , Mittelstr. 33, 12167 Berlin <\/em><br \/><em><strong>\u00d6ffentliche Vorf\u00fchrung <\/strong>mit anschlie\u00dfendem Gespr\u00e4ch mit Hilde Schramm (Respekt f\u00fcr Griechenland e.V.)<\/em><strong><br \/><\/strong><\/p>\n<p class=\"western\"><em>Der Balkon \u2013 Wehrmachtsverbrechen in Griechenland (in Griechisch mit deutschen Untertiteln), Griechenland 2018, 101 Min., Dokumentarfilm von Chrysanthos Konstantinidis<\/em><\/p>\n<p class=\"western\">Lyngiades ist ein Dorf nahe Jannina im Epirus. Wegen seiner wunderbaren Aussicht wird es \u201eBalkon\u201c genannt. In diesem wundersch\u00f6nen Dorf fand ein Massaker am 03.Oktober 1943 statt, welches hierzulande kaum bekannt ist.<br \/>Die Wehrmacht ermordete 82 Dorfbewohner, \u00fcberwiegend Kinder und alte Leute.<br \/><br \/>Der griechische Regisseur, Chryssanthos Konstantinidis, stammt aus diesem Dorf.<br \/>Die Hintergr\u00fcnde des Verbrechens recherchierte bereits vor 30 Jahren der Rechtshistoriker Christoph Schminck-Gustavus (siehe sein Buch \u201eDer Feuerrauch\u201c). Nun f\u00fchrt er durch den Film. In diesem h\u00f6ren Nachgeborene, oft zum ersten Mal, Erinnerungen von \u00dcberlebenden und Familienangeh\u00f6rigen.<br \/><br \/>Es sind Dokumente der Trauer vor dem Hintergrund eines kollektiven Traumas.<br \/>Und es sind Einblicke in die unterlassene Aufarbeitung in Deutschland und die bis heute verweigerte Wiedergutmachung.<br \/><br \/><em>Wegen Corona wird die Teilnehmerzahl auf 25 Personen begrenzt.<\/em><br \/><em>Wir bitten um\u00a0<\/em><b> <\/b><em><strong>Anmeldung per E-Mail<\/strong> bei:<br \/>Magdalena Resta-Petersdorff, Mail: m.resta-petersdorff@gmx.de<\/em><br \/><em>Der Eintritt ist frei.<\/em><\/p>\n","protected":false},"excerpt":{"rendered":"","protected":false},"author":1,"featured_media":0,"comment_status":"closed","ping_status":"closed","sticky":false,"template":"","format":"standard","meta":{"footnotes":""},"categories":[42,56],"tags":[],"class_list":["post-5832","post","type-post","status-publish","format-standard","hentry","category-deutschekriegsschuld","category-kriegsschuldveranstaltung"],"_links":{"self":[{"href":"https:\/\/xn--respekt-fr-griechenland-kpc.de\/index.php?rest_route=\/wp\/v2\/posts\/5832","targetHints":{"allow":["GET"]}}],"collection":[{"href":"https:\/\/xn--respekt-fr-griechenland-kpc.de\/index.php?rest_route=\/wp\/v2\/posts"}],"about":[{"href":"https:\/\/xn--respekt-fr-griechenland-kpc.de\/index.php?rest_route=\/wp\/v2\/types\/post"}],"author":[{"embeddable":true,"href":"https:\/\/xn--respekt-fr-griechenland-kpc.de\/index.php?rest_route=\/wp\/v2\/users\/1"}],"replies":[{"embeddable":true,"href":"https:\/\/xn--respekt-fr-griechenland-kpc.de\/index.php?rest_route=%2Fwp%2Fv2%2Fcomments&post=5832"}],"version-history":[{"count":12,"href":"https:\/\/xn--respekt-fr-griechenland-kpc.de\/index.php?rest_route=\/wp\/v2\/posts\/5832\/revisions"}],"predecessor-version":[{"id":5913,"href":"https:\/\/xn--respekt-fr-griechenland-kpc.de\/index.php?rest_route=\/wp\/v2\/posts\/5832\/revisions\/5913"}],"wp:attachment":[{"href":"https:\/\/xn--respekt-fr-griechenland-kpc.de\/index.php?rest_route=%2Fwp%2Fv2%2Fmedia&parent=5832"}],"wp:term":[{"taxonomy":"category","embeddable":true,"href":"https:\/\/xn--respekt-fr-griechenland-kpc.de\/index.php?rest_route=%2Fwp%2Fv2%2Fcategories&post=5832"},{"taxonomy":"post_tag","embeddable":true,"href":"https:\/\/xn--respekt-fr-griechenland-kpc.de\/index.php?rest_route=%2Fwp%2Fv2%2Ftags&post=5832"}],"curies":[{"name":"wp","href":"https:\/\/api.w.org\/{rel}","templated":true}]}}