{"id":5277,"date":"2021-06-09T15:36:00","date_gmt":"2021-06-09T13:36:00","guid":{"rendered":"https:\/\/xn--respekt-fr-griechenland-kpc.de\/?p=5277"},"modified":"2021-06-09T17:38:24","modified_gmt":"2021-06-09T15:38:24","slug":"euki-projekt-abschlussveranstaltung-in-athen-2019","status":"publish","type":"post","link":"https:\/\/xn--respekt-fr-griechenland-kpc.de\/?p=5277","title":{"rendered":"Euki-Projekt: Abschlussveranstaltung in Athen 2019"},"content":{"rendered":"\n<p><span style=\"font-size: medium;\"><b>Redebeitrag von Reiner Schiller-Dickhut (Respekt f\u00fcr Griechenland e.V.) bei der offiziellen Euki-Abschlussveranstaltung der Stadt Athen am 29. November 2019<br \/><\/b><\/span><\/p>\n<p>Ich danke Ihnen f\u00fcr die Einladung und f\u00fcr die Gelegenheit, \u00fcber ein Beispiel f\u00fcr gute Zusammenarbeit zwischen Athen und Berlin zu sprechen. Mein Name ist Reiner Schiller-Dickhut.<!--more--><\/p>\n<p>Ich bin Vorstandsmitglied des Vereins &#8222;Respekt f\u00fcr Griechenland&#8220;, der im Fr\u00fchjahr 2015 &#8211; in der Zeit der Verhandlungen zwischen der Europ\u00e4ischen Union\/Eurozone und Griechenland \u00fcber das dritte Kreditprogramm &#8211; gegr\u00fcndet wurde. Als deutsche B\u00fcrgerinnen und B\u00fcrger kritisieren wir ihre Ergebnisse.<\/p>\n<p>Unseren ersten Kontakt mit der Stadtverwaltung von Athen hatten wir vor drei Jahren, als eine Delegation aus Athen zu einem Studienaufenthalt \u00fcber praktische Fragen der Fl\u00fcchtlingsintegration in Berlin war. Die ehemalige Vizeb\u00fcrgermeisterin Maria Iliopoulou, Maria Dimopoulou aus dem Bildungsministerium und Nikos Chrysogelos waren vom Sprecher des Berliner Landtags zu einem Treffen eingeladen. Ich erinnere an dieses erste Thema unseres Austauschs, um kurz zu erw\u00e4hnen, dass wir (RfG) neben dem Klimaschutz noch andere Priorit\u00e4ten haben.<\/p>\n<ul>\n<li>Wir unterst\u00fctzen Freiwillige auf der Insel Lesbos und zuletzt das Kinderrechtsnetzwerk in Athen.<\/li>\n<li>Wir unterst\u00fctzen soziale Projekte in Griechenland mit Spenden.<\/li>\n<li>Und wir haben in unserem Land eine Kampagne zu den deutschen Kriegsverbrechen w\u00e4hrend der Besetzung Griechenlands gestartet.<\/li>\n<\/ul>\n<p>Soweit ein kleiner Einschub \u00fcber unsere Schwerpunkte.<\/p>\n<p>W\u00e4hrend des Besuchs im November 2016 bat uns die griechische Delegation um Zusammenarbeit im Bereich der Energieeinsparung und des Klimaschutzes. Ein halbes Jahr sp\u00e4ter organisierten wir einen zweiten, vom deutschen Umweltministerium finanzierten Studienaufenthalt gerade zu diesem Thema &#8211; und das ermutigte uns, einen Vorschlag f\u00fcr das so genannte Euki-Programm zu machen. W\u00e4hrend des Treffens im Mai 2017 entwickelten wir gemeinsam den Vorschlag f\u00fcr das F\u00f6rderprogramm Euki, genannt Klimaschulen Berlin\/Athen. W\u00e4hrend der ganzen Zeit war es eine gute Teamarbeit.<\/p>\n<p>Sehr wichtig f\u00fcr uns war die Art und Weise der Zusammenarbeit:<\/p>\n<ol>\n<li>Wir haben in Berlin gute Beispiele vorgestellt.<\/li>\n<li>Das Projekt wurde in Athen geleitet und verwaltet.<\/li>\n<li>Unsere Rolle war nur unterst\u00fctzend.<\/li>\n<\/ol>\n<p>Aus unserer Sicht ist es ein Charakteristikum der Klimaschulen Berlin\/Athen, dass sie in mehrfacher Hinsicht umfassend sind:<\/p>\n<ul>\n<li>Weil es so viele Schulen abdeckt<\/li>\n<li>Weil so viele Gruppen beteiligt sind: Sch\u00fclerinnen und Sch\u00fcler, manchmal ihre Eltern, Lehrerinnen und Lehrer, Expertinnen und Experten<\/li>\n<li>Sie kann eine langfristige Wirkung haben.<\/li>\n<\/ul>\n<p>Zum Vergleich die Situation in Berlin: Ein \u00e4hnlicher Ansatz wurde nur in einigen wenigen Schulen realisiert: wenn die Bedingungen in der Verwaltung gut waren.<\/p>\n<p>Ein kleiner Ausblick in die Zukunft, besser gesagt eine Hoffnung:<\/p>\n<p>Das Wissen \u00fcber die Umweltbildung ist entwickelt worden. Es gibt Personen, die bereit sind, weiterzumachen. Es gibt n\u00fctzliche technische Instrumente. Deshalb sollten diese Ergebnisse meiner Meinung nach f\u00fcr Aktivit\u00e4ten an anderer Stelle genutzt und verwertet werden<\/p>\n<ul>\n<li>Andere Schulen in Athen einzubeziehen<\/li>\n<li>Die Verbreitung des Bildungsmaterials, auch f\u00fcr Nichtregierungsorganisationen &#8211; auch in Berlin.<\/li>\n<\/ul>\n<p>Der letzte Punkt meiner Rede: Es war uns sehr wichtig, den p\u00e4dagogischen und den technischen Aspekt des Klimaschutzes zu verbinden. Es m\u00fcssen praktische Ma\u00dfnahmen hinzukommen, damit die Teilnehmer starke Wirkungen sehen.<\/p>\n<p>Deshalb freuen wir uns, dass ein Pilotprojekt mit einem Geb\u00e4udecheck von 10 Schulen in enger Abstimmung mit dem Bauamt von Athen durchgef\u00fchrt und vom Nationalen Zentrum f\u00fcr Umwelt und nachhaltige Entwicklung, von Euki und von uns, Respect for Greece, finanziert werden konnte. Die Experten machten Vorschl\u00e4ge f\u00fcr kleine technische Ma\u00dfnahmen.<\/p>\n<p>Ich hoffe, dass die gute Zusammenarbeit fortgesetzt wird.<\/p>\n<p>Danke f\u00fcr das Zuh\u00f6ren.<\/p>\n<p><br \/><br \/><\/p>\n<p><br \/><br \/><\/p>\n","protected":false},"excerpt":{"rendered":"","protected":false},"author":1,"featured_media":0,"comment_status":"closed","ping_status":"closed","sticky":false,"template":"","format":"standard","meta":{"footnotes":""},"categories":[63,43],"tags":[],"class_list":["post-5277","post","type-post","status-publish","format-standard","hentry","category-klimaschulen_berlin-athen","category-umwelt"],"_links":{"self":[{"href":"https:\/\/xn--respekt-fr-griechenland-kpc.de\/index.php?rest_route=\/wp\/v2\/posts\/5277","targetHints":{"allow":["GET"]}}],"collection":[{"href":"https:\/\/xn--respekt-fr-griechenland-kpc.de\/index.php?rest_route=\/wp\/v2\/posts"}],"about":[{"href":"https:\/\/xn--respekt-fr-griechenland-kpc.de\/index.php?rest_route=\/wp\/v2\/types\/post"}],"author":[{"embeddable":true,"href":"https:\/\/xn--respekt-fr-griechenland-kpc.de\/index.php?rest_route=\/wp\/v2\/users\/1"}],"replies":[{"embeddable":true,"href":"https:\/\/xn--respekt-fr-griechenland-kpc.de\/index.php?rest_route=%2Fwp%2Fv2%2Fcomments&post=5277"}],"version-history":[{"count":3,"href":"https:\/\/xn--respekt-fr-griechenland-kpc.de\/index.php?rest_route=\/wp\/v2\/posts\/5277\/revisions"}],"predecessor-version":[{"id":5280,"href":"https:\/\/xn--respekt-fr-griechenland-kpc.de\/index.php?rest_route=\/wp\/v2\/posts\/5277\/revisions\/5280"}],"wp:attachment":[{"href":"https:\/\/xn--respekt-fr-griechenland-kpc.de\/index.php?rest_route=%2Fwp%2Fv2%2Fmedia&parent=5277"}],"wp:term":[{"taxonomy":"category","embeddable":true,"href":"https:\/\/xn--respekt-fr-griechenland-kpc.de\/index.php?rest_route=%2Fwp%2Fv2%2Fcategories&post=5277"},{"taxonomy":"post_tag","embeddable":true,"href":"https:\/\/xn--respekt-fr-griechenland-kpc.de\/index.php?rest_route=%2Fwp%2Fv2%2Ftags&post=5277"}],"curies":[{"name":"wp","href":"https:\/\/api.w.org\/{rel}","templated":true}]}}