{"id":5267,"date":"2021-06-09T17:05:00","date_gmt":"2021-06-09T15:05:00","guid":{"rendered":"https:\/\/xn--respekt-fr-griechenland-kpc.de\/?p=5267"},"modified":"2021-06-09T17:25:55","modified_gmt":"2021-06-09T15:25:55","slug":"klimaschulprojekt-athen-eintagsfliege-oder-nachhaltig-und-beispielhaft","status":"publish","type":"post","link":"https:\/\/xn--respekt-fr-griechenland-kpc.de\/?p=5267","title":{"rendered":"Klimaschulprojekt Athen &#8211; R\u00fcckmeldungen"},"content":{"rendered":"\n<p><span style=\"font-size: large;\"><b>Klimaschulprojekt Athen, Eintagsfliege oder nachhaltig und beispielhaft?<\/b><\/span><\/p>\n<p><span style=\"font-size: small;\">Projekte und Eintagsfliegen haben eine eher begrenzte Lebensdauer. Bei den Fliegen sorgt die Fortpflanzung f\u00fcr den Erhalt der Art. Bei Projekten entspricht das einer nachhaltigen, das hei\u00dft andauernden Wirkung.<br \/><\/span><span style=\"font-size: small;\">Zwei Jahre nach einem begeisternden Abschluss unseres <\/span><span style=\"color: #0000ff;\"><a href=\"https:\/\/bne-zentrum.de\/athens-berlin\/basictext\/\"><span style=\"font-size: small;\">Klimaschul-Projekts<\/span><\/a><\/span><span style=\"font-size: small;\"> in Athen haben wir,<br \/><\/span><span style=\"font-size: small;\">die Klimaschutz-AG des Berliner Vereins \u201e<\/span><span style=\"color: #0000ff;\"><a><span style=\"font-size: small;\">Respekt<\/span><\/a><a><span style=\"font-size: small;\"> f\u00fcr<\/span><\/a><a><span style=\"font-size: small;\"> Griechenland<\/span><\/a><\/span><span style=\"font-size: small;\">\u201c uns mit der Nachhaltigkeit unseres Projekts auseinandergesetzt. Bei den aktuellen R\u00fcckmeldungen der damals beteiligten Partner ist einiges zusammengekommen:<\/span><!--more--><\/p>\n<p><span style=\"font-size: small;\">\u00dcber \u201eRespekt f\u00fcr Griechenland\u201c, \u201e<\/span><span style=\"color: #0000ff;\"><a href=\"https:\/\/www.ufu.de\/\"><span style=\"font-size: small;\">Unabh\u00e4ngiges Institut f\u00fcr Umweltfragen<\/span><\/a><\/span><span style=\"font-size: small;\">\u201c und \u201e<\/span><span style=\"color: #0000ff;\"><a href=\"\/Users\/wolfgangschwarz\/Documents\/Respekt%20fu%CC%88r%20Griechenland%20RfG%20ohne%20Griechenland\/bne-zentrum.de\"><span style=\"font-size: small;\">BNE-Zentrum<\/span><\/a><\/span><span style=\"font-size: small;\">\u201c sind die Berliner Erfahrungen mit Energiesparprojekten an Schulen nach Athen gelangt. 20 griechische Schulberater*innen wurden in Athen ausgebildet.<\/span><\/p>\n<p><img loading=\"lazy\" decoding=\"async\" class=\"aligncenter wp-image-5273 size-full\" src=\"https:\/\/xn--respekt-fr-griechenland-kpc.de\/wp-content\/uploads\/2021\/06\/klimaprojekt1.png\" alt=\"\" width=\"359\" height=\"269\" srcset=\"https:\/\/xn--respekt-fr-griechenland-kpc.de\/wp-content\/uploads\/2021\/06\/klimaprojekt1.png 359w, https:\/\/xn--respekt-fr-griechenland-kpc.de\/wp-content\/uploads\/2021\/06\/klimaprojekt1-300x225.png 300w\" sizes=\"auto, (max-width: 359px) 85vw, 359px\" \/><\/p>\n<p><span style=\"font-size: small;\"><b>Projektergebnisse werden von der griechischen Bildungsverwaltung genutzt<br \/><\/b><\/span><span style=\"font-size: small;\">Unter Ber\u00fccksichtigung der Erfahrungen von 200 Lehrkr\u00e4ften, die an 70 Klimaschulen in Athen Energiesparprojekte durchgef\u00fchrt haben, ist eine umfassend unterrichtspraktisch angelegte <\/span><span style=\"color: #0000ff;\"><u><a href=\"https:\/\/translate.google.com\/translate?hl=&amp;sl=el&amp;tl=en&amp;u=http%3A%2F%2Fathensecoschools.gr%2F\"><span style=\"font-size: small;\">Brosch\u00fcre<\/span><\/a><\/u><\/span><span style=\"font-size: small;\"> entstanden. Sie steht Interessenten in ganz Griechenland f\u00fcr ihre Unterrichtsgestaltung online zur Verf\u00fcgung. <\/span><\/p>\n<p><span style=\"font-size: small;\">Unsere Partnerin im 1. Athener Grundschul-Direktorat von Attika, <\/span><span style=\"color: #000000;\"><span style=\"font-size: small;\">Maria Dimopoulou<\/span><\/span><span style=\"font-size: small;\">, ber\u00e4t auch heute noch unerm\u00fcdlich Interessenten und bietet als staatliche Koordinatorin f\u00fcr Umweltbildung Fortbildungsveranstaltungen f\u00fcr Lehrkr\u00e4fte an, aktuell als Beispiel im Juni 2021 zum Thema Klimaneutralit\u00e4t zusammen mit unseren bew\u00e4hrten Projektpartnern vom Berliner Unabh\u00e4ngigen Institut f\u00fcr Umweltfragen <\/span><span style=\"color: #0000ff;\"><a href=\"https:\/\/www.ufu.de\/\"><span style=\"font-size: small;\">UfU e.V.<\/span><\/a><\/span><\/p>\n<p><span style=\"font-size: small;\">Maria Dimopoulou verbreitet unsere Projektergebnisse durch die Erstellung von Materialien f\u00fcr das griechische Institut f\u00fcr Bildungspolitik. Sie sind ein offizieller Beitrag zum Thema Klimawandel in den staatlichen Lehrpl\u00e4nen f\u00fcr alle Schulen Griechenlands. Auch zwei Jahre nach Projektende ist unser Projekt so in den Strukturen des Bildungsministeriums integriert und wird weiter entwickelt.<\/span><\/p>\n<p><img loading=\"lazy\" decoding=\"async\" class=\"aligncenter wp-image-5274 size-full\" src=\"https:\/\/xn--respekt-fr-griechenland-kpc.de\/wp-content\/uploads\/2021\/06\/klimaprojekt2.png\" alt=\"\" width=\"363\" height=\"272\" srcset=\"https:\/\/xn--respekt-fr-griechenland-kpc.de\/wp-content\/uploads\/2021\/06\/klimaprojekt2.png 363w, https:\/\/xn--respekt-fr-griechenland-kpc.de\/wp-content\/uploads\/2021\/06\/klimaprojekt2-300x225.png 300w\" sizes=\"auto, (max-width: 363px) 85vw, 363px\" \/><\/p>\n<p align=\"left\"><span style=\"font-size: xx-small;\"><span style=\"font-size: small;\">FortbildunG von Lehrkr\u00e4ften durch Maria Dimopoulou<\/span><span style=\"text-decoration: underline;\"><b> <\/b><span style=\"color: #0000ff; text-decoration: underline;\"><a href=\"https:\/\/anemosananeosis.gr\/en\/eukiclmsch66-2\/\"><span style=\"font-size: small;\">https:\/\/anemosananeosis.gr\/en\/eukiclmsch66-2\/<\/span><\/a><\/span><\/span><\/span><\/p>\n<p><span style=\"font-size: small;\">Beteiligt war sie au\u00dferdem bei der \u00dcbertragung unseres Athener Projekts nach <\/span><span style=\"text-decoration: underline;\"><span style=\"color: #0000ff; text-decoration: underline;\"><a href=\"https:\/\/thess.climateschools.gr\/about-project-schools-protect-climate\"><span style=\"font-size: small;\">Thessaloniki<\/span><\/a><\/span><\/span><span style=\"font-size: small;\"> mit finanzieller und konzeptioneller Unterst\u00fctzung durch die B\u00f6ll-Stiftung Griechenland.<\/span><\/p>\n<p><span style=\"font-size: small;\"><b>Erweiterung durch Zusammenwirken von Sch\u00fcler*innen und Ingenieuren <br \/><\/b><\/span><span style=\"font-size: small;\">Au\u00dferdem initiierte \u201eRespekt f\u00fcr Griechenland\u201c ein Pilotprojekt \u201e<\/span><span style=\"text-decoration: underline;\"><span style=\"color: #0000ff; text-decoration: underline;\"><a href=\"https:\/\/communityenergyriver.com\/en\/projects\/building-checks-with-pupils\/\"><span style=\"font-size: small;\">Building-Checks with Pupils<\/span><\/a><\/span><\/span><span style=\"font-size: small;\">\u201c zur energetischen Analyse von Schulgeb\u00e4uden mit Beteiligung von Ingenieuren und Sch\u00fcler*innen. Das Projekt wurde zusammen mit der Athener Bauverwaltung geplant und durchgef\u00fchrt. Technische Vorschl\u00e4ge aus dem Pilotprojekt wurden in ein energetisches Sanierungsprogramm f\u00fcr Athener Schulen aufgenommen und dadurch Zeit und Geld f\u00fcr eigene Analysen gespart.<\/span><\/p>\n<p>\u201e<span style=\"font-size: small;\"><b>Open Schools\u201c als Modell f\u00fcr 30 Schulen in Griechenland vorgesehen<br \/><\/b><\/span><span style=\"font-size: small;\">Die ehemalige Vizeb\u00fcrgermeisterin von Athen, unsere Projektleiterin <\/span><span style=\"color: #000000;\"><span style=\"font-size: small;\">Maria Iliopoulou <\/span><\/span><span style=\"font-size: small;\">hat die Beratungsfirma <\/span><span style=\"color: #0000ff;\"><a href=\"https:\/\/translate.google.com\/translate?hl=&amp;sl=el&amp;tl=en&amp;u=https%3A%2F%2Fopen-horizons.gr%2F&amp;sandbox=1\"><span style=\"font-size: small;\">Open-Horizons<\/span><\/a><\/span><span style=\"font-size: small;\"> gegr\u00fcndet, u.a. um mit griechischen Stadtverwaltungen ihr von Stiftungen ausgezeichnetes Athener Konzept \u201e<\/span><span style=\"color: #0000ff;\"><a href=\"https:\/\/innovationinpolitics.eu\/showroom\/project\/open-schools-athens\/\"><span style=\"font-size: small;\">Open Schools<\/span><\/a><\/span><span style=\"font-size: small;\">\u201c unter Einbeziehung der Klimaschulerfahrungen zu realisieren. Die griechische Regierung hatte sogar ein staatlich finanziertes Pilotprojekt f\u00fcr 30 Schulen mit dem Ziel der \u00dcbertragung auf ganz Griechenland angeboten. Die Realisierung wurde leider durch die Schulschlie\u00dfungen im Lauf der Corona-Pandemie unterbrochen.<\/span><\/p>\n<p><span style=\"font-size: small;\"><b>Energiesparprojekte erg\u00e4nzt durch Erneuerbare Energie und Smarte Netze<br \/><\/b><\/span><span style=\"font-size: small;\">Die im Projekt sehr engagierte Ingenieurin Maya Andreou hat in Athen die Firma <\/span><span style=\"color: #0000ff;\"><a href=\"https:\/\/communityenergyriver.com\/en\/\"><span style=\"font-size: small;\">Community Energy River<\/span><\/a><\/span><span style=\"font-size: small;\"> gegr\u00fcndet und bietet Energiesparprojekte an den ehemaligen Projektschulen in Athen an. Durch \u201eRespekt f\u00fcr Griechenland\u201c und eigene Projektmittel hat sie die notwendigen Umweltmessger\u00e4te zur Verf\u00fcgung. Dar\u00fcber hinaus hat Maya Andreou vor kurzem die Genehmigung vom griechischen Bildungsministerium erhalten, drei selbst entwickelte Klimaschutzmodule in ganz Griechenland anzubieten (Energiesparen, Erneuerbare Energie, Smarte Netze). Wenn die Schulen wieder zu einem normalen Betrieb zur\u00fcckkehren k\u00f6nnen, stehen weitere Mitarbeiter*innen bereit. <\/span><\/p>\n<p><span style=\"font-size: small;\"><b>Zivilgesellschaft beteiligt<br \/><\/b><\/span><span style=\"color: #000000;\"><span style=\"font-size: small;\">Nikos Chrysogelos als <\/span><\/span><span style=\"font-size: small;\">zivilgesellschaftlicher Projektpartner mit \u201e<\/span><span style=\"color: #0000ff;\"><a href=\"https:\/\/anemosananeosis.gr\/en\/what-we-do\/\"><span style=\"font-size: small;\">Wind of Renewal<\/span><\/a><\/span><span style=\"font-size: small;\">\u201c bietet in Athen weiterhin Veranstaltungen zu Klimaschutz- und anderen Themen einer nachhaltigen gesellschaftlichen Entwicklung an, u.a. durch Beteiligung am Projekt <\/span><span style=\"color: #0000ff;\"><a href=\"https:\/\/www.euki.de\/euki-projects\/yesclima\/\"><span style=\"font-size: small;\">YESclima<\/span><\/a><\/span><span style=\"font-size: small;\">, in dem junge Energie-Expert*innen in der Durchf\u00fchrung von Energie-Audits in Schulen geschult wurden.<\/span><\/p>\n<p><span style=\"font-size: small;\"><i><b>Ein \u00e4hnliches Zusammenwirken zwischen den Verantwortlichen f\u00fcr P\u00e4dagogik und denen f\u00fcr Geb\u00e4ude sowie zivilgesellschaftlichem Engagement wie in Athen konnte bisher weder in Berlin als Bundesland noch in einem seiner Bezirke realisiert werden und ist unserer Meinung nach deshalb beispielhaft!<\/b><\/i><\/span><\/p>\n<p><span style=\"font-size: small;\"><b>Weitere Vorhaben durch Corona-Pandemie ausgebremst<br \/><\/b><\/span><span style=\"font-size: small;\">An zwei Schulen au\u00dferhalb Athens sind wir an Planungen f\u00fcr Unterrichtsprojekte beteiligt. Eine Durchf\u00fchrung wird allerdings erst m\u00f6glich, wenn die Corona-Pandemie dies zul\u00e4sst.<\/span><\/p>\n<p><span style=\"font-size: small;\">Ein weiteres Folgevorhaben war und ist der<\/span> <span style=\"font-size: small;\">deutsch-griechische Jugendaustausch. Drei Reisen wurden 2019\/2020 geplant, <\/span><span style=\"color: #0000ff;\"><a href=\"https:\/\/bnezentrum.files.wordpress.com\/2018\/12\/18-11-2612-02-programm-in-berlin-de.pdf\"><span style=\"font-size: small;\">ein Austausch fand statt<\/span><\/a><\/span><span style=\"font-size: small;\">, zwei fielen kurz vor der Durchf\u00fchrung wegen der Corona-Pandemie aus. Drei Berliner Organisationen (Bund Deutscher Pfadfinder, Schreberjugend und BUND-Jugend) konnten als Partner gewonnen werden und in Athen die griechischen Naturfreunde. Nach den Sommerferien, bei hoffentlich normalem Schulbetrieb werden wir vorerst mit digitalen Formaten darauf zur\u00fcckkommen und sind an Berliner Partnern interessiert.<\/span><\/p>\n<p><span style=\"font-size: small;\"><b>\u00c4rgerlich: Mess- und Experimentierger\u00e4te unter Verschluss<br \/><\/b><\/span><span style=\"font-size: small;\">Ein Trauerspiel ist allerdings, dass durch die Unt\u00e4tigkeit der neuen Athener Stadtverwaltung nach den Wahlen von 2019 das bereits 2017 vorbildlich sanierte Geb\u00e4ude f\u00fcr ein Umweltbildungszentrum in Athen immer noch nicht genutzt werden kann und dass die Koffer mit Umweltmessger\u00e4ten und weitere Koffer mit Experimentierger\u00e4ten aus dem Klimaschulprojekt seit Projektende in der Athener Stadtverwaltung verstauben! <\/span><\/p>\n<p><span style=\"font-size: small;\"><strong>Kontakt:<\/strong> Wolfgang Schwarz <\/span><span style=\"color: #0000ff;\"><a href=\"http:\/\/www.bne-zentrum.de\/\"><span style=\"font-size: small;\">BNE-Zentrum.de<\/span><\/a><\/span><span style=\"font-size: small;\"> 29. Mai 2021 <\/span><\/p>\n","protected":false},"excerpt":{"rendered":"","protected":false},"author":1,"featured_media":0,"comment_status":"closed","ping_status":"closed","sticky":false,"template":"","format":"standard","meta":{"footnotes":""},"categories":[63,43],"tags":[],"class_list":["post-5267","post","type-post","status-publish","format-standard","hentry","category-klimaschulen_berlin-athen","category-umwelt"],"_links":{"self":[{"href":"https:\/\/xn--respekt-fr-griechenland-kpc.de\/index.php?rest_route=\/wp\/v2\/posts\/5267","targetHints":{"allow":["GET"]}}],"collection":[{"href":"https:\/\/xn--respekt-fr-griechenland-kpc.de\/index.php?rest_route=\/wp\/v2\/posts"}],"about":[{"href":"https:\/\/xn--respekt-fr-griechenland-kpc.de\/index.php?rest_route=\/wp\/v2\/types\/post"}],"author":[{"embeddable":true,"href":"https:\/\/xn--respekt-fr-griechenland-kpc.de\/index.php?rest_route=\/wp\/v2\/users\/1"}],"replies":[{"embeddable":true,"href":"https:\/\/xn--respekt-fr-griechenland-kpc.de\/index.php?rest_route=%2Fwp%2Fv2%2Fcomments&post=5267"}],"version-history":[{"count":6,"href":"https:\/\/xn--respekt-fr-griechenland-kpc.de\/index.php?rest_route=\/wp\/v2\/posts\/5267\/revisions"}],"predecessor-version":[{"id":5276,"href":"https:\/\/xn--respekt-fr-griechenland-kpc.de\/index.php?rest_route=\/wp\/v2\/posts\/5267\/revisions\/5276"}],"wp:attachment":[{"href":"https:\/\/xn--respekt-fr-griechenland-kpc.de\/index.php?rest_route=%2Fwp%2Fv2%2Fmedia&parent=5267"}],"wp:term":[{"taxonomy":"category","embeddable":true,"href":"https:\/\/xn--respekt-fr-griechenland-kpc.de\/index.php?rest_route=%2Fwp%2Fv2%2Fcategories&post=5267"},{"taxonomy":"post_tag","embeddable":true,"href":"https:\/\/xn--respekt-fr-griechenland-kpc.de\/index.php?rest_route=%2Fwp%2Fv2%2Ftags&post=5267"}],"curies":[{"name":"wp","href":"https:\/\/api.w.org\/{rel}","templated":true}]}}