{"id":5128,"date":"2021-04-24T19:02:00","date_gmt":"2021-04-24T17:02:00","guid":{"rendered":"https:\/\/xn--respekt-fr-griechenland-kpc.de\/?p=5128"},"modified":"2024-02-28T15:02:34","modified_gmt":"2024-02-28T13:02:34","slug":"abschlussbericht-meiner-freiwilligentaetigkeit","status":"publish","type":"post","link":"https:\/\/xn--respekt-fr-griechenland-kpc.de\/?p=5128","title":{"rendered":"Sieben Monate Freiwilligent\u00e4tigkeit f\u00fcr RfG in Athen \u2013 eine Bilanz"},"content":{"rendered":"\n<p><em>Bericht von Vincent Jakubowski <br \/><\/em><\/p>\n<p>Von September 2020 bis April 2021 war ich f\u00fcr Respekt f\u00fcr Griechenland als Freiwilliger in Athen t\u00e4tig. Meine Aufgaben lagen gr\u00f6\u00dftenteils im Betreuen und Unterrichten von gefl\u00fcchteten Kindern und Jugendlichen, jedoch war ich auch noch in andere Projekte involviert. Neben meiner Hauptbesch\u00e4ftigung als Englisch- und Deutschlehrer habe ich mich im \u201cUrban Gardening Projekt\u201c engagiert und habe jede Woche in einer sozialen K\u00fcche geholfen. <!--more--><br \/>Ich habe Sch\u00fclerinnen und Sch\u00fcler in verschiedenen Altersgruppen als Englisch- und Deutschlehrer beim Erlernen einer fremden Sprache unterst\u00fctzt und dar\u00fcber hinaus in Theater- und Kreativkursen erste Sprachkenntnisse an J\u00fcngere vermitteln k\u00f6nnen. Bis zum Inkrafttreten des zweiten Lockdowns im November 2020 fand der Unterricht in verschiedenen Einrichtungen des \u201cNetwork for Children\u2018s Rights\u201c statt. Danach habe ich den Unterricht f\u00fcr die \u00c4lteren per Videochat \u00fcber die Onlineplattform Zoom fortgesetzt.<\/p>\n<p>Ab Januar 2021 habe ich gemeinsam mit einem anderen Freiwilligen auch mit dem Videounterricht f\u00fcr j\u00fcngere Kinder begonnen. In den zwei Monaten davor haben wir w\u00f6chentlich Bastel- und Bildungsvideos gedreht, um den Kindern eine M\u00f6glichkeit der Ablenkung und Weiterbildung zu geben, die gezwungen waren, sehr viel Zeit zu Hause zu verbringen.<br \/>Das \u201eUrban Gardening Projekt\u201c wurde im September letzten Jahres ins Leben gerufen. Dieses Projekt hat zum Ziel, ungenutzte Fl\u00e4chen im urbanen Raum Athens zu renaturieren und f\u00fcr eine breitere Gemeinschaft nutzbar zu machen. Dabei sollen sowohl die Nachbarschaft als auch Mitarbeiter*innen und Sch\u00fcler*innen der anliegenden Einrichtungen des \u201cNetwork for Children\u2019s Rights\u201c von der \u00d6ffnung eines urbanen Gartens profitieren. Mit der Fertigstellung des Projektes wird ein Ort geschaffen, an dem sich Menschen wohlf\u00fchlen und den sie gerne aufsuchen um dort gemeinsam Zeit zu verbringen.<\/p>\n<p>In der sozialen K\u00fcche der griechischen NGO KHORA kochen t\u00e4glich zehn Freiwillige f\u00fcr obdachlose und bed\u00fcrftige Menschen. Die zahlreichen Aufgaben eines Volunteers bei KHORA reichen von der Vor- und Zubereitung des Essens, dem st\u00e4ndigen Reinigen des Geschirrs und des Arbeitsorts bis hin zur Ausgabe der in Aluminiumboxen verpackten warmen Mahlzeiten.<br \/>Die soziale K\u00fcche ist ein Ort, an dem Menschen aus allen Teilen der Welt gemeinsam arbeiten und viele Gefl\u00fcchtete selbst zu Freiwilligen werden. Die Idee einer solidarischen, nicht hierarchischen und inklusiven Gesellschaft versucht KHORA in ihrer Arbeit zu verwirklichen. Die Freiwilligen arbeiten gemeinsam und entscheiden gemeinsam &#8211; eine sehr unterst\u00fctzenswerte Art der Organisationsform. <br \/>Bei KHORA habe ich Menschen getroffen, die ganz anders aufgewachsen sind und ein sehr anderes Leben f\u00fchren als ich es tue. Indem ich sehr viele andere Lebenswelten kennengelernt habe, konnte ich mein eigenes Aufwachsen und meine eigene Lebensweise kritisch reflektieren.<\/p>\n<p>Die Monate in Griechenland haben mich sehr gepr\u00e4gt und bereichert. Ich habe gelernt, mich \u00fcber Sprachbarrieren hinweg mit Kindern und Jugendlichen zu verst\u00e4ndigen und ihre Lernbegeisterung zu wecken. In meiner neuen Rolle als fachkundige Lehrperson wurde meinen Worten pl\u00f6tzlich G\u00fcltigkeit zugeschrieben und diese mussten deshalb immer wohl\u00fcberlegt sein. Das Gef\u00fchl eine Vorbildfunktion innezuhaben, ist mir zuvor unbekannt gewesen. Ich glaube im Laufe der Zeit an Selbstsicherheit gewonnen zu haben. Dieses Selbstvertrauen hat mich Ruhe und Gelassenheit ausstrahlen lassen, die sich sehr positiv auf die Sch\u00fcler*innen ausgewirkt hat. <br \/>Durch die Zeit in Athen hat sich mein Bewusstsein f\u00fcr gravierende soziale Missst\u00e4nde gesch\u00e4rft. Die Folgen eines verantwortungslosen politischen Handelns und eine ungerechte Art des Wirtschaftens beeintr\u00e4chtigen Menschen in Griechenland schwer. Das gesch\u00e4rfte Bewusstsein verst\u00e4rkt den Willen, diese Situation zu ver\u00e4ndern. Und das Unterrichten von Kindern und Jugendlichen hat mich in meiner Entscheidung best\u00e4rkt, in diesem Herbst mit meinem Lehramtsstudium zu beginnen.<br \/><br \/><\/p>\n<p><em>Unsere Fl\u00fcchtlingsarbeit in Athen in Kooperation mit der griechischen NGO <\/em><br \/><em>Network for Children\u00b4s Rights wird gef\u00f6rdert von:<\/em><br \/><img loading=\"lazy\" decoding=\"async\" class=\"alignnone size-full wp-image-6687\" src=\"https:\/\/xn--respekt-fr-griechenland-kpc.de\/wp-content\/uploads\/2024\/02\/heidehofstiftung120.jpg\" alt=\"\" width=\"120\" height=\"49\" \/><\/p>\n","protected":false},"excerpt":{"rendered":"","protected":false},"author":1,"featured_media":0,"comment_status":"closed","ping_status":"closed","sticky":false,"template":"","format":"standard","meta":{"footnotes":""},"categories":[45,47],"tags":[],"class_list":["post-5128","post","type-post","status-publish","format-standard","hentry","category-fluechtlinge","category-fluechtlingsarbeit-in-athen"],"_links":{"self":[{"href":"https:\/\/xn--respekt-fr-griechenland-kpc.de\/index.php?rest_route=\/wp\/v2\/posts\/5128","targetHints":{"allow":["GET"]}}],"collection":[{"href":"https:\/\/xn--respekt-fr-griechenland-kpc.de\/index.php?rest_route=\/wp\/v2\/posts"}],"about":[{"href":"https:\/\/xn--respekt-fr-griechenland-kpc.de\/index.php?rest_route=\/wp\/v2\/types\/post"}],"author":[{"embeddable":true,"href":"https:\/\/xn--respekt-fr-griechenland-kpc.de\/index.php?rest_route=\/wp\/v2\/users\/1"}],"replies":[{"embeddable":true,"href":"https:\/\/xn--respekt-fr-griechenland-kpc.de\/index.php?rest_route=%2Fwp%2Fv2%2Fcomments&post=5128"}],"version-history":[{"count":9,"href":"https:\/\/xn--respekt-fr-griechenland-kpc.de\/index.php?rest_route=\/wp\/v2\/posts\/5128\/revisions"}],"predecessor-version":[{"id":6693,"href":"https:\/\/xn--respekt-fr-griechenland-kpc.de\/index.php?rest_route=\/wp\/v2\/posts\/5128\/revisions\/6693"}],"wp:attachment":[{"href":"https:\/\/xn--respekt-fr-griechenland-kpc.de\/index.php?rest_route=%2Fwp%2Fv2%2Fmedia&parent=5128"}],"wp:term":[{"taxonomy":"category","embeddable":true,"href":"https:\/\/xn--respekt-fr-griechenland-kpc.de\/index.php?rest_route=%2Fwp%2Fv2%2Fcategories&post=5128"},{"taxonomy":"post_tag","embeddable":true,"href":"https:\/\/xn--respekt-fr-griechenland-kpc.de\/index.php?rest_route=%2Fwp%2Fv2%2Ftags&post=5128"}],"curies":[{"name":"wp","href":"https:\/\/api.w.org\/{rel}","templated":true}]}}