{"id":4997,"date":"2021-04-22T12:00:00","date_gmt":"2021-04-22T10:00:00","guid":{"rendered":"https:\/\/xn--respekt-fr-griechenland-kpc.de\/?p=4997"},"modified":"2021-05-25T15:07:32","modified_gmt":"2021-05-25T13:07:32","slug":"plakate-zur-gedenkveranstaltung-vom-06-04-2021","status":"publish","type":"post","link":"https:\/\/xn--respekt-fr-griechenland-kpc.de\/?p=4997","title":{"rendered":"Plakate zur Gedenkveranstaltung vom 06.04.2021"},"content":{"rendered":"\n<p><strong>Die folgenden Plakate k\u00f6nnen Sie sich als PDF-Datei herunterladen und je nach Bedarf einzeln oder komplett ausdrucken.<\/strong> Sie sind gut geeignet f\u00fcr DIN A3- Plakate, oder auch f\u00fcr DIN A4 bzw. DIN A5.&nbsp; Bei kleineren Ausgaben (etwa Postkartengr\u00f6\u00dfe k\u00f6nnte der QR-Code nicht mehr lesbar sein.<\/p>\n<p><a href=\"https:\/\/xn--respekt-fr-griechenland-kpc.de\/wp-content\/uploads\/2021\/04\/rfg_a3_plakate_b297xh420mm.pdf\">Die Plakate als PDF-Dokument (ausgelegt f\u00fcr A3-Drucke)<\/a><\/p>\n<p><strong>\u00dcber den QR-Code auf den Plakaten<\/strong> gelangen die Betrachter*innen zu dem Youtube-Kanal von Respekt f\u00fcr Griechenland mit folgenden Beitr\u00e4gen:<\/p>\n<ul>\n<li>ein Gespr\u00e4ch mit dem Zeitzeugen Kostas Balanos, gef\u00fchrt&nbsp; von Magda Reste-Petersdorff auf der Gedenkveranstaltung vom 06.04.2021.<\/li>\n<li>Ulli Jo\u00dfner hat drei deutsche Sch\u00fclerinnen nach ihren Reaktionen auf den Film &#8222;DER BALKON&#8220; befragt. Sie waren schockiert. Ulli Jo\u00dfner gibt mit Hilfe dieses Films und an Hand von Archivmaterial in sieben Minuten einen Einblick in den deutschen Besatzungsterror.<\/li>\n<\/ul>\n<p><!--more--><\/p>\n<figure id=\"attachment_4964\" aria-describedby=\"caption-attachment-4964\" style=\"width: 719px\" class=\"wp-caption alignnone\"><img loading=\"lazy\" decoding=\"async\" class=\"wp-image-4964 size-full\" src=\"https:\/\/xn--respekt-fr-griechenland-kpc.de\/wp-content\/uploads\/2021\/04\/GV-Veranstaltung-pl-eh.png\" alt=\"\" width=\"719\" height=\"376\" srcset=\"https:\/\/xn--respekt-fr-griechenland-kpc.de\/wp-content\/uploads\/2021\/04\/GV-Veranstaltung-pl-eh.png 719w, https:\/\/xn--respekt-fr-griechenland-kpc.de\/wp-content\/uploads\/2021\/04\/GV-Veranstaltung-pl-eh-300x157.png 300w\" sizes=\"auto, (max-width: 709px) 85vw, (max-width: 909px) 67vw, (max-width: 984px) 61vw, (max-width: 1362px) 45vw, 600px\" \/><figcaption id=\"caption-attachment-4964\" class=\"wp-caption-text\">Foto: Enno Hurlin; Gedenkveranstaltung am 06.04.2021, Deutscher Einmarsch in Griechenland vor 80 Jahren<\/figcaption><\/figure>\n<p>&nbsp;<\/p>\n<figure id=\"attachment_4991\" aria-describedby=\"caption-attachment-4991\" style=\"width: 264px\" class=\"wp-caption alignnone\"><img loading=\"lazy\" decoding=\"async\" class=\"size-medium wp-image-4991\" src=\"https:\/\/xn--respekt-fr-griechenland-kpc.de\/wp-content\/uploads\/2021\/04\/GV-plakat2-zi-264x300.png\" alt=\"\" width=\"264\" height=\"300\" srcset=\"https:\/\/xn--respekt-fr-griechenland-kpc.de\/wp-content\/uploads\/2021\/04\/GV-plakat2-zi-264x300.png 264w, https:\/\/xn--respekt-fr-griechenland-kpc.de\/wp-content\/uploads\/2021\/04\/GV-plakat2-zi.png 455w\" sizes=\"auto, (max-width: 264px) 85vw, 264px\" \/><figcaption id=\"caption-attachment-4991\" class=\"wp-caption-text\">\u00a9 RfG<\/figcaption><\/figure>\n<figure id=\"attachment_4990\" aria-describedby=\"caption-attachment-4990\" style=\"width: 263px\" class=\"wp-caption alignnone\"><img loading=\"lazy\" decoding=\"async\" class=\"size-medium wp-image-4990\" src=\"https:\/\/xn--respekt-fr-griechenland-kpc.de\/wp-content\/uploads\/2021\/04\/GV-plakat1-ju-263x300.png\" alt=\"\" width=\"263\" height=\"300\" srcset=\"https:\/\/xn--respekt-fr-griechenland-kpc.de\/wp-content\/uploads\/2021\/04\/GV-plakat1-ju-263x300.png 263w, https:\/\/xn--respekt-fr-griechenland-kpc.de\/wp-content\/uploads\/2021\/04\/GV-plakat1-ju.png 453w\" sizes=\"auto, (max-width: 263px) 85vw, 263px\" \/><figcaption id=\"caption-attachment-4990\" class=\"wp-caption-text\">\u00a9 RfG<\/figcaption><\/figure>\n<figure id=\"attachment_4992\" aria-describedby=\"caption-attachment-4992\" style=\"width: 264px\" class=\"wp-caption alignnone\"><img loading=\"lazy\" decoding=\"async\" class=\"size-medium wp-image-4992\" src=\"https:\/\/xn--respekt-fr-griechenland-kpc.de\/wp-content\/uploads\/2021\/04\/GV-plakat3-dtbe-264x300.png\" alt=\"\" width=\"264\" height=\"300\" srcset=\"https:\/\/xn--respekt-fr-griechenland-kpc.de\/wp-content\/uploads\/2021\/04\/GV-plakat3-dtbe-264x300.png 264w, https:\/\/xn--respekt-fr-griechenland-kpc.de\/wp-content\/uploads\/2021\/04\/GV-plakat3-dtbe.png 455w\" sizes=\"auto, (max-width: 264px) 85vw, 264px\" \/><figcaption id=\"caption-attachment-4992\" class=\"wp-caption-text\">\u00a9 RfG<\/figcaption><\/figure>\n<figure id=\"attachment_4994\" aria-describedby=\"caption-attachment-4994\" style=\"width: 264px\" class=\"wp-caption alignnone\"><img loading=\"lazy\" decoding=\"async\" class=\"size-medium wp-image-4994\" src=\"https:\/\/xn--respekt-fr-griechenland-kpc.de\/wp-content\/uploads\/2021\/04\/GV-plakat5-d44-264x300.png\" alt=\"\" width=\"264\" height=\"300\" srcset=\"https:\/\/xn--respekt-fr-griechenland-kpc.de\/wp-content\/uploads\/2021\/04\/GV-plakat5-d44-264x300.png 264w, https:\/\/xn--respekt-fr-griechenland-kpc.de\/wp-content\/uploads\/2021\/04\/GV-plakat5-d44.png 456w\" sizes=\"auto, (max-width: 264px) 85vw, 264px\" \/><figcaption id=\"caption-attachment-4994\" class=\"wp-caption-text\">\u00a9 RfG<\/figcaption><\/figure>\n<figure id=\"attachment_4993\" aria-describedby=\"caption-attachment-4993\" style=\"width: 264px\" class=\"wp-caption alignnone\"><img loading=\"lazy\" decoding=\"async\" class=\"size-medium wp-image-4993\" src=\"https:\/\/xn--respekt-fr-griechenland-kpc.de\/wp-content\/uploads\/2021\/04\/GV-plakat4-gribe-264x300.png\" alt=\"\" width=\"264\" height=\"300\" srcset=\"https:\/\/xn--respekt-fr-griechenland-kpc.de\/wp-content\/uploads\/2021\/04\/GV-plakat4-gribe-264x300.png 264w, https:\/\/xn--respekt-fr-griechenland-kpc.de\/wp-content\/uploads\/2021\/04\/GV-plakat4-gribe.png 455w\" sizes=\"auto, (max-width: 264px) 85vw, 264px\" \/><figcaption id=\"caption-attachment-4993\" class=\"wp-caption-text\">\u00a9 RfG<\/figcaption><\/figure>\n<figure id=\"attachment_4995\" aria-describedby=\"caption-attachment-4995\" style=\"width: 264px\" class=\"wp-caption alignnone\"><img loading=\"lazy\" decoding=\"async\" class=\"size-medium wp-image-4995\" src=\"https:\/\/xn--respekt-fr-griechenland-kpc.de\/wp-content\/uploads\/2021\/04\/GV-plakat6-zer-264x300.png\" alt=\"\" width=\"264\" height=\"300\" srcset=\"https:\/\/xn--respekt-fr-griechenland-kpc.de\/wp-content\/uploads\/2021\/04\/GV-plakat6-zer-264x300.png 264w, https:\/\/xn--respekt-fr-griechenland-kpc.de\/wp-content\/uploads\/2021\/04\/GV-plakat6-zer.png 455w\" sizes=\"auto, (max-width: 264px) 85vw, 264px\" \/><figcaption id=\"caption-attachment-4995\" class=\"wp-caption-text\">\u00a9 RfG<\/figcaption><\/figure>\n<p><a href=\"https:\/\/xn--respekt-fr-griechenland-kpc.de\/wp-content\/uploads\/2021\/04\/rfg_a3_plakate_b297xh420mm.pdf\">Die Plakate als PDF-Dokument (ausgelegt f\u00fcr A3-Drucke)<\/a><\/p>\n<p>&nbsp;<\/p>\n<p>&nbsp;<\/p>\n","protected":false},"excerpt":{"rendered":"","protected":false},"author":1,"featured_media":0,"comment_status":"closed","ping_status":"closed","sticky":false,"template":"","format":"standard","meta":{"footnotes":""},"categories":[42,53],"tags":[],"class_list":["post-4997","post","type-post","status-publish","format-standard","hentry","category-deutschekriegsschuld","category-kriegsschuld-oeffentlichkeitsarbeit"],"_links":{"self":[{"href":"https:\/\/xn--respekt-fr-griechenland-kpc.de\/index.php?rest_route=\/wp\/v2\/posts\/4997","targetHints":{"allow":["GET"]}}],"collection":[{"href":"https:\/\/xn--respekt-fr-griechenland-kpc.de\/index.php?rest_route=\/wp\/v2\/posts"}],"about":[{"href":"https:\/\/xn--respekt-fr-griechenland-kpc.de\/index.php?rest_route=\/wp\/v2\/types\/post"}],"author":[{"embeddable":true,"href":"https:\/\/xn--respekt-fr-griechenland-kpc.de\/index.php?rest_route=\/wp\/v2\/users\/1"}],"replies":[{"embeddable":true,"href":"https:\/\/xn--respekt-fr-griechenland-kpc.de\/index.php?rest_route=%2Fwp%2Fv2%2Fcomments&post=4997"}],"version-history":[{"count":13,"href":"https:\/\/xn--respekt-fr-griechenland-kpc.de\/index.php?rest_route=\/wp\/v2\/posts\/4997\/revisions"}],"predecessor-version":[{"id":5238,"href":"https:\/\/xn--respekt-fr-griechenland-kpc.de\/index.php?rest_route=\/wp\/v2\/posts\/4997\/revisions\/5238"}],"wp:attachment":[{"href":"https:\/\/xn--respekt-fr-griechenland-kpc.de\/index.php?rest_route=%2Fwp%2Fv2%2Fmedia&parent=4997"}],"wp:term":[{"taxonomy":"category","embeddable":true,"href":"https:\/\/xn--respekt-fr-griechenland-kpc.de\/index.php?rest_route=%2Fwp%2Fv2%2Fcategories&post=4997"},{"taxonomy":"post_tag","embeddable":true,"href":"https:\/\/xn--respekt-fr-griechenland-kpc.de\/index.php?rest_route=%2Fwp%2Fv2%2Ftags&post=4997"}],"curies":[{"name":"wp","href":"https:\/\/api.w.org\/{rel}","templated":true}]}}