{"id":1862,"date":"2017-12-31T11:00:42","date_gmt":"2017-12-31T09:00:42","guid":{"rendered":"http:\/\/xn--respekt-fr-griechenland-kpc.de\/?p=1862"},"modified":"2020-03-30T16:57:46","modified_gmt":"2020-03-30T14:57:46","slug":"relocation-now","status":"publish","type":"post","link":"https:\/\/xn--respekt-fr-griechenland-kpc.de\/?p=1862","title":{"rendered":"Relocation now &#8211; Petition und Aktion (Dez. 2017)"},"content":{"rendered":"<p>Mit dem &#8222;Relocation Programm&#8220; versprach im Jahr 2015 die EU, 160.000 Fl\u00fcchtlingen, die in Griechenland und Italien gestrandet sind, in andere EU L\u00e4nder zu bringen. Mehrere EU-L\u00e4nder weigern sich bis heute, die ihnen zugedachten Kontingente \u00fcberhaupt aufzunehmen. Aber auch Deutschland hat seine Zusage, 27.670 Personen herzuholen, erst zu einem geringen Bruchteil erf\u00fcllt.&nbsp; <!--more-->Zahlreiche St\u00e4dte und Gemeinde beschlossen inzwischen, dass sie, so bald wie m\u00f6glich, weitere Fl\u00fcchtlinge aufnehmen wollen. Sie dr\u00e4ngen die Bundesregierung, das Relocation Programm z\u00fcgig umzusetzen. Die Initiative hierzu ging von der Osnabr\u00fccker Gruppe &#8222;50 aus Idomeni&#8220; aus. Andere Gruppen, so auch &#8222;Respekt f\u00fcr Griechenland&#8220; unterst\u00fctzen eine entsprechende <a href=\"https:\/\/weact.campact.de\/petitions\/gefluchtete-aus-griechenland-und-italien-nach-deutschland-holen-relocation-jetzt-umsetzen\">Petition<\/a> und beteiligen sich an Aktivit\u00e4ten.<\/p>\n<p>\u00dcbergabe der Petition am 1. M\u00e4rz 2017 vor dem Bundesinnenministerium<\/p>\n<figure id=\"attachment_1864\" aria-describedby=\"caption-attachment-1864\" style=\"width: 300px\" class=\"wp-caption alignnone\"><img loading=\"lazy\" decoding=\"async\" class=\"size-medium wp-image-1864\" src=\"https:\/\/xn--respekt-fr-griechenland-kpc.de\/wp-content\/uploads\/2017\/05\/RelocationCKitt-300x200.jpg\" alt=\"Foto: Ralf Henning Mit dabei: Claus Kittsteiner (Respekt f\u00fcr Griechenland\/Attac) unter dem gro\u00dfen, bunten Regenschirm\" width=\"300\" height=\"200\" srcset=\"https:\/\/xn--respekt-fr-griechenland-kpc.de\/wp-content\/uploads\/2017\/05\/RelocationCKitt-300x200.jpg 300w, https:\/\/xn--respekt-fr-griechenland-kpc.de\/wp-content\/uploads\/2017\/05\/RelocationCKitt-768x513.jpg 768w, https:\/\/xn--respekt-fr-griechenland-kpc.de\/wp-content\/uploads\/2017\/05\/RelocationCKitt.jpg 891w\" sizes=\"auto, (max-width: 300px) 85vw, 300px\" \/><figcaption id=\"caption-attachment-1864\" class=\"wp-caption-text\">Foto: Ralf Henning<br \/>Mit dabei: Claus Kittsteiner (Respekt f\u00fcr Griechenland\/Attac) unter dem gro\u00dfen, bunten Regenschirm<\/figcaption><\/figure>\n<figure id=\"attachment_1876\" aria-describedby=\"caption-attachment-1876\" style=\"width: 300px\" class=\"wp-caption alignnone\"><img loading=\"lazy\" decoding=\"async\" class=\"size-medium wp-image-1876\" src=\"https:\/\/xn--respekt-fr-griechenland-kpc.de\/wp-content\/uploads\/2017\/05\/relocnowschr-300x200.jpg\" alt=\"Mit dabei Hilde Schramm (Respekt f\u00fcr Griechenland), Dritte von rechts\" width=\"300\" height=\"200\" srcset=\"https:\/\/xn--respekt-fr-griechenland-kpc.de\/wp-content\/uploads\/2017\/05\/relocnowschr-300x200.jpg 300w, https:\/\/xn--respekt-fr-griechenland-kpc.de\/wp-content\/uploads\/2017\/05\/relocnowschr-768x513.jpg 768w, https:\/\/xn--respekt-fr-griechenland-kpc.de\/wp-content\/uploads\/2017\/05\/relocnowschr.jpg 891w\" sizes=\"auto, (max-width: 300px) 85vw, 300px\" \/><figcaption id=\"caption-attachment-1876\" class=\"wp-caption-text\">Mit dabei: Hilde Schramm (Respekt f\u00fcr Griechenland), vorne Zweite von rechts<\/figcaption><\/figure>\n<p>&nbsp;<\/p>\n<p>&nbsp;<\/p>\n","protected":false},"excerpt":{"rendered":"<p>Mit dem &#8222;Relocation Programm&#8220; versprach im Jahr 2015 die EU, 160.000 Fl\u00fcchtlingen, die in Griechenland und Italien gestrandet sind, in andere EU L\u00e4nder zu bringen. Mehrere EU-L\u00e4nder weigern sich bis heute, die ihnen zugedachten Kontingente \u00fcberhaupt aufzunehmen. Aber auch Deutschland hat seine Zusage, 27.670 Personen herzuholen, erst zu einem geringen Bruchteil erf\u00fcllt.&nbsp;<\/p>\n","protected":false},"author":1,"featured_media":0,"comment_status":"closed","ping_status":"closed","sticky":false,"template":"","format":"standard","meta":{"footnotes":""},"categories":[45,50],"tags":[],"class_list":["post-1862","post","type-post","status-publish","format-standard","hentry","category-fluechtlinge","category-fluechtlingspolitik-fluechtlinge"],"_links":{"self":[{"href":"https:\/\/xn--respekt-fr-griechenland-kpc.de\/index.php?rest_route=\/wp\/v2\/posts\/1862","targetHints":{"allow":["GET"]}}],"collection":[{"href":"https:\/\/xn--respekt-fr-griechenland-kpc.de\/index.php?rest_route=\/wp\/v2\/posts"}],"about":[{"href":"https:\/\/xn--respekt-fr-griechenland-kpc.de\/index.php?rest_route=\/wp\/v2\/types\/post"}],"author":[{"embeddable":true,"href":"https:\/\/xn--respekt-fr-griechenland-kpc.de\/index.php?rest_route=\/wp\/v2\/users\/1"}],"replies":[{"embeddable":true,"href":"https:\/\/xn--respekt-fr-griechenland-kpc.de\/index.php?rest_route=%2Fwp%2Fv2%2Fcomments&post=1862"}],"version-history":[{"count":9,"href":"https:\/\/xn--respekt-fr-griechenland-kpc.de\/index.php?rest_route=\/wp\/v2\/posts\/1862\/revisions"}],"predecessor-version":[{"id":3554,"href":"https:\/\/xn--respekt-fr-griechenland-kpc.de\/index.php?rest_route=\/wp\/v2\/posts\/1862\/revisions\/3554"}],"wp:attachment":[{"href":"https:\/\/xn--respekt-fr-griechenland-kpc.de\/index.php?rest_route=%2Fwp%2Fv2%2Fmedia&parent=1862"}],"wp:term":[{"taxonomy":"category","embeddable":true,"href":"https:\/\/xn--respekt-fr-griechenland-kpc.de\/index.php?rest_route=%2Fwp%2Fv2%2Fcategories&post=1862"},{"taxonomy":"post_tag","embeddable":true,"href":"https:\/\/xn--respekt-fr-griechenland-kpc.de\/index.php?rest_route=%2Fwp%2Fv2%2Ftags&post=1862"}],"curies":[{"name":"wp","href":"https:\/\/api.w.org\/{rel}","templated":true}]}}