{"id":1601,"date":"2016-12-19T10:00:52","date_gmt":"2016-12-19T08:00:52","guid":{"rendered":"http:\/\/xn--respekt-fr-griechenland-kpc.de\/?p=1601"},"modified":"2020-03-25T18:28:21","modified_gmt":"2020-03-25T16:28:21","slug":"arbeit-mit-gefluechteten-in-berlin-und-athen","status":"publish","type":"post","link":"https:\/\/xn--respekt-fr-griechenland-kpc.de\/?p=1601","title":{"rendered":"Arbeit mit Gefl\u00fcchteten in Berlin und Athen &#8211; Wochenseminar Nov. 2016"},"content":{"rendered":"<p><strong>Wochenseminar 21.-25. November 2016<br \/>\n<\/strong><\/p>\n<p>Respekt f\u00fcr Griecheland hatte gemeinsam mit dem Bildungswerk Berlin der Heinrich-B\u00f6ll-Stiftung sieben griechische G\u00e4ste aus Athen nach Berlin eingeladen. Diese Fachleute aus Politik, Verwaltung und NGOs, die in Athen in der Fl\u00fcchtlingsarbeit t\u00e4tig sind, tauschten Informationen und Erfahrungen mit Freiwilligen, Hauptamtlichen und politischen Entscheidungstr\u00e4gern aus, die sich in Berlin in der Fl\u00fcchtlingsarbeit engagieren. Weiterf\u00fchrende Kooperationen sind im Entstehen. Die Besuchswoche hat somit zum Aufbau einer &#8222;St\u00e4dtepartnerschaft von unten&#8220; zwischen Athen und Berlin beigetragen.<\/p>\n<p>==&gt;<a href=\"https:\/\/xn--respekt-fr-griechenland-kpc.de\/wp-content\/uploads\/2016\/11\/Wochenseminar_Arbeit-mit-Gefl\u00fcchteten_BerlinAthen.pdf\"> Besuchsprogramm (Wochenseminar vom 21. bis 25. November 2016)<br \/>\n<\/a>==&gt;<a href=\"https:\/\/xn--respekt-fr-griechenland-kpc.de\/wp-content\/uploads\/2016\/12\/Participants-in-study-visit-Berlin_2016.pdf\"> Teilnehmer\/innen aus Athen<\/a><br \/>\n==&gt; <a href=\"https:\/\/xn--respekt-fr-griechenland-kpc.de\/wp-content\/uploads\/2017\/01\/Bericht_zum_Wochenseminar_Fluechtlingsarbeit_Berlin-Athen.pdf\">Bericht \u00fcber das Wochenseminar<\/a><strong><br \/>\n<\/strong><\/p>\n","protected":false},"excerpt":{"rendered":"<p>Wochenseminar 21.-25. November 2016 Respekt f\u00fcr Griecheland hatte gemeinsam mit dem Bildungswerk Berlin der Heinrich-B\u00f6ll-Stiftung sieben griechische G\u00e4ste aus Athen nach Berlin eingeladen. Diese Fachleute aus Politik, Verwaltung und NGOs, die in Athen in der Fl\u00fcchtlingsarbeit t\u00e4tig sind, tauschten Informationen und Erfahrungen mit Freiwilligen, Hauptamtlichen und politischen Entscheidungstr\u00e4gern aus, die sich in Berlin in der &hellip; <a href=\"https:\/\/xn--respekt-fr-griechenland-kpc.de\/?p=1601\" class=\"more-link\"><span class=\"screen-reader-text\">\u201eArbeit mit Gefl\u00fcchteten in Berlin und Athen &#8211; Wochenseminar Nov. 2016\u201c<\/span> weiterlesen<\/a><\/p>\n","protected":false},"author":1,"featured_media":0,"comment_status":"closed","ping_status":"closed","sticky":false,"template":"","format":"standard","meta":{"footnotes":""},"categories":[30],"tags":[],"class_list":["post-1601","post","type-post","status-publish","format-standard","hentry","category-aufbau-staedtepartnerschaft-berlin-athen"],"_links":{"self":[{"href":"https:\/\/xn--respekt-fr-griechenland-kpc.de\/index.php?rest_route=\/wp\/v2\/posts\/1601","targetHints":{"allow":["GET"]}}],"collection":[{"href":"https:\/\/xn--respekt-fr-griechenland-kpc.de\/index.php?rest_route=\/wp\/v2\/posts"}],"about":[{"href":"https:\/\/xn--respekt-fr-griechenland-kpc.de\/index.php?rest_route=\/wp\/v2\/types\/post"}],"author":[{"embeddable":true,"href":"https:\/\/xn--respekt-fr-griechenland-kpc.de\/index.php?rest_route=\/wp\/v2\/users\/1"}],"replies":[{"embeddable":true,"href":"https:\/\/xn--respekt-fr-griechenland-kpc.de\/index.php?rest_route=%2Fwp%2Fv2%2Fcomments&post=1601"}],"version-history":[{"count":8,"href":"https:\/\/xn--respekt-fr-griechenland-kpc.de\/index.php?rest_route=\/wp\/v2\/posts\/1601\/revisions"}],"predecessor-version":[{"id":3322,"href":"https:\/\/xn--respekt-fr-griechenland-kpc.de\/index.php?rest_route=\/wp\/v2\/posts\/1601\/revisions\/3322"}],"wp:attachment":[{"href":"https:\/\/xn--respekt-fr-griechenland-kpc.de\/index.php?rest_route=%2Fwp%2Fv2%2Fmedia&parent=1601"}],"wp:term":[{"taxonomy":"category","embeddable":true,"href":"https:\/\/xn--respekt-fr-griechenland-kpc.de\/index.php?rest_route=%2Fwp%2Fv2%2Fcategories&post=1601"},{"taxonomy":"post_tag","embeddable":true,"href":"https:\/\/xn--respekt-fr-griechenland-kpc.de\/index.php?rest_route=%2Fwp%2Fv2%2Ftags&post=1601"}],"curies":[{"name":"wp","href":"https:\/\/api.w.org\/{rel}","templated":true}]}}