{"id":1339,"date":"2016-11-01T10:53:16","date_gmt":"2016-11-01T08:53:16","guid":{"rendered":"http:\/\/xn--respekt-fr-griechenland-kpc.de\/?p=1339"},"modified":"2020-03-30T17:03:16","modified_gmt":"2020-03-30T15:03:16","slug":"arbeit-mit-gefluechteten-in-berlin-und-athen-beispiele-guter-praxis-2","status":"publish","type":"post","link":"https:\/\/xn--respekt-fr-griechenland-kpc.de\/?p=1339","title":{"rendered":"Arbeit mit Gefl\u00fcchteten in Berlin und Athen &#8211; Wochenseminar (Nov. 2016)"},"content":{"rendered":"<p><span style=\"font-size: 14pt;\"><em>21.-25. November 2016<\/em><\/span><\/p>\n<p><strong>Arbeit mit Gefl\u00fcchteten in Berlin und Athen<\/strong><br \/>\nFachleute aus Athen, die dort in der Fl\u00fcchtlingsarbeit t\u00e4tig sind, tauschen eine Woche lang Informationen und Erfahrungen mit Freiwilligen, Hauptamtlichen, Gefl\u00fcchteten und politischen Entscheidungstr\u00e4gern aus, die sich in Berlin f\u00fcr gefl\u00fcchtete Menschen engagieren. Aus den Begegnungen k\u00f6nnen weiterf\u00fchrende Kooperationen entstehen. Und so<br \/>\nhoffen wir, dass die Besuchswoche zum Aufbau einer St\u00e4dtepartnerschaft<br \/>\n\u00bbvon unten\u00ab zwischen Athen und Berlin beitr\u00e4gt.<br \/>\n<a href=\"https:\/\/xn--respekt-fr-griechenland-kpc.de\/wp-content\/uploads\/2016\/11\/Wochenseminar_Arbeit-mit-Gefl\u00fcchteten_BerlinAthen.pdf\" target=\"_blank\" rel=\"noopener noreferrer\"><span style=\"font-size: 14pt;\">Programm<\/span><\/a><\/p>\n","protected":false},"excerpt":{"rendered":"<p>21.-25. November 2016 Arbeit mit Gefl\u00fcchteten in Berlin und Athen Fachleute aus Athen, die dort in der Fl\u00fcchtlingsarbeit t\u00e4tig sind, tauschen eine Woche lang Informationen und Erfahrungen mit Freiwilligen, Hauptamtlichen, Gefl\u00fcchteten und politischen Entscheidungstr\u00e4gern aus, die sich in Berlin f\u00fcr gefl\u00fcchtete Menschen engagieren. Aus den Begegnungen k\u00f6nnen weiterf\u00fchrende Kooperationen entstehen. Und so hoffen wir, dass &hellip; <a href=\"https:\/\/xn--respekt-fr-griechenland-kpc.de\/?p=1339\" class=\"more-link\"><span class=\"screen-reader-text\">\u201eArbeit mit Gefl\u00fcchteten in Berlin und Athen &#8211; Wochenseminar (Nov. 2016)\u201c<\/span> weiterlesen<\/a><\/p>\n","protected":false},"author":4,"featured_media":0,"comment_status":"closed","ping_status":"closed","sticky":false,"template":"","format":"standard","meta":{"footnotes":""},"categories":[45,51],"tags":[],"class_list":["post-1339","post","type-post","status-publish","format-standard","hentry","category-fluechtlinge","category-rueckblicke"],"_links":{"self":[{"href":"https:\/\/xn--respekt-fr-griechenland-kpc.de\/index.php?rest_route=\/wp\/v2\/posts\/1339","targetHints":{"allow":["GET"]}}],"collection":[{"href":"https:\/\/xn--respekt-fr-griechenland-kpc.de\/index.php?rest_route=\/wp\/v2\/posts"}],"about":[{"href":"https:\/\/xn--respekt-fr-griechenland-kpc.de\/index.php?rest_route=\/wp\/v2\/types\/post"}],"author":[{"embeddable":true,"href":"https:\/\/xn--respekt-fr-griechenland-kpc.de\/index.php?rest_route=\/wp\/v2\/users\/4"}],"replies":[{"embeddable":true,"href":"https:\/\/xn--respekt-fr-griechenland-kpc.de\/index.php?rest_route=%2Fwp%2Fv2%2Fcomments&post=1339"}],"version-history":[{"count":13,"href":"https:\/\/xn--respekt-fr-griechenland-kpc.de\/index.php?rest_route=\/wp\/v2\/posts\/1339\/revisions"}],"predecessor-version":[{"id":3560,"href":"https:\/\/xn--respekt-fr-griechenland-kpc.de\/index.php?rest_route=\/wp\/v2\/posts\/1339\/revisions\/3560"}],"wp:attachment":[{"href":"https:\/\/xn--respekt-fr-griechenland-kpc.de\/index.php?rest_route=%2Fwp%2Fv2%2Fmedia&parent=1339"}],"wp:term":[{"taxonomy":"category","embeddable":true,"href":"https:\/\/xn--respekt-fr-griechenland-kpc.de\/index.php?rest_route=%2Fwp%2Fv2%2Fcategories&post=1339"},{"taxonomy":"post_tag","embeddable":true,"href":"https:\/\/xn--respekt-fr-griechenland-kpc.de\/index.php?rest_route=%2Fwp%2Fv2%2Ftags&post=1339"}],"curies":[{"name":"wp","href":"https:\/\/api.w.org\/{rel}","templated":true}]}}